{"id":944,"date":"2021-08-30T12:24:21","date_gmt":"2021-08-30T11:24:21","guid":{"rendered":"http:\/\/wsrodnas.pl\/?p=944"},"modified":"2021-11-29T14:51:34","modified_gmt":"2021-11-29T13:51:34","slug":"ii-konkurs-plastyczny-swiat-niebieskich-rozstrzgniety","status":"publish","type":"post","link":"https:\/\/wsrodnas.pl\/?p=944","title":{"rendered":"II Konkurs Plastyczny &#8222;\u015awiat Niebieskich&#8221; rozstrzgni\u0119ty"},"content":{"rendered":"\n<p>Dnia 2.06.2021 odby\u0142o si\u0119 uroczyste podsumowanie i wr\u0119czenie nagr\u00f3d w\u00a0 II Konkursie Plastycznym \u201e \u015awiat Niebieskich\u201d zorganizowanym przez Stowarzyszenie Przyjaci\u00f3\u0142 Zespo\u0142u Szk\u00f3\u0142 Specjalnych \u201eW\u015br\u00f3d Nas\u201d w Augustowie w ramach realizacji zadania publicznego finansowanego przez\u00a0 Gmin\u0119 Miasto August\u00f3w \u201eRazem ku sprawno\u015bci \u2026\u201d Do udzia\u0142u w konkursie zg\u0142oszono 31 prac. \u00a0Komisja opiniuj\u0105ca \u201edzie\u0142a\u201d by\u0142a pod ogromnym wra\u017ceniem r\u00f3\u017cnorodno\u015bci zastosowanych technik artystycznego wyrazu, kreatywno\u015bci podej\u015bcia do zaproponowanego tematu, staranno\u015bci oraz tw\u00f3rczej ekspresji uwidaczniaj\u0105cej si\u0119 w ka\u017cdej z prac. Wysoki poziom artystyczny sk\u0142oni\u0142 komisj\u0119 do przyznania r\u00f3wnorz\u0119dnych indywidualnych nagr\u00f3d ksi\u0105\u017ckowych dla ka\u017cdego z laureat\u00f3w oraz nagr\u00f3d grupowych w postaci gier edukacyjnych i puzzli, dla ka\u017cdej z klas bior\u0105cych udzia\u0142 w konkursie. Wr\u0119czenia nagr\u00f3d dokona\u0142 dyrektor Zespo\u0142u Szk\u00f3\u0142 Specjalnych Pan Roman Krzy\u017copolski.\u00a0 Wszyscy uczestnicy konkursu otrzymali pami\u0105tkowe dyplomy, a nauczyciele i opiekunowie imienne podzi\u0119kowania. Zach\u0119camy do ogl\u0105dania wystawy pokonkursowej\u00a0 w galerii pod schodami w Zespole Szk\u00f3\u0142 Specjalnych w Augustowie.<\/p>\n","protected":false},"excerpt":{"rendered":"<p>Dnia 2.06.2021 odby\u0142o si\u0119 uroczyste podsumowanie i wr\u0119czenie nagr\u00f3d w\u00a0 II Konkursie Plastycznym \u201e \u015awiat Niebieskich\u201d zorganizowanym przez Stowarzyszenie Przyjaci\u00f3\u0142 Zespo\u0142u Szk\u00f3\u0142 Specjalnych \u201eW\u015br\u00f3d Nas\u201d w Augustowie w ramach realizacji zadania publicznego finansowanego przez\u00a0 Gmin\u0119 Miasto August\u00f3w \u201eRazem ku sprawno\u015bci \u2026\u201d Do udzia\u0142u w konkursie zg\u0142oszono 31 prac. \u00a0Komisja opiniuj\u0105ca \u201edzie\u0142a\u201d by\u0142a pod ogromnym wra\u017ceniem [&hellip;]<\/p>\n","protected":false},"author":2,"featured_media":0,"comment_status":"closed","ping_status":"open","sticky":false,"template":"","format":"standard","meta":{"footnotes":""},"categories":[11,4],"tags":[],"_links":{"self":[{"href":"https:\/\/wsrodnas.pl\/index.php?rest_route=\/wp\/v2\/posts\/944"}],"collection":[{"href":"https:\/\/wsrodnas.pl\/index.php?rest_route=\/wp\/v2\/posts"}],"about":[{"href":"https:\/\/wsrodnas.pl\/index.php?rest_route=\/wp\/v2\/types\/post"}],"author":[{"embeddable":true,"href":"https:\/\/wsrodnas.pl\/index.php?rest_route=\/wp\/v2\/users\/2"}],"replies":[{"embeddable":true,"href":"https:\/\/wsrodnas.pl\/index.php?rest_route=%2Fwp%2Fv2%2Fcomments&post=944"}],"version-history":[{"count":1,"href":"https:\/\/wsrodnas.pl\/index.php?rest_route=\/wp\/v2\/posts\/944\/revisions"}],"predecessor-version":[{"id":945,"href":"https:\/\/wsrodnas.pl\/index.php?rest_route=\/wp\/v2\/posts\/944\/revisions\/945"}],"wp:attachment":[{"href":"https:\/\/wsrodnas.pl\/index.php?rest_route=%2Fwp%2Fv2%2Fmedia&parent=944"}],"wp:term":[{"taxonomy":"category","embeddable":true,"href":"https:\/\/wsrodnas.pl\/index.php?rest_route=%2Fwp%2Fv2%2Fcategories&post=944"},{"taxonomy":"post_tag","embeddable":true,"href":"https:\/\/wsrodnas.pl\/index.php?rest_route=%2Fwp%2Fv2%2Ftags&post=944"}],"curies":[{"name":"wp","href":"https:\/\/api.w.org\/{rel}","templated":true}]}}