{"id":919,"date":"2021-04-03T14:35:38","date_gmt":"2021-04-03T13:35:38","guid":{"rendered":"http:\/\/wsrodnas.pl\/?p=919"},"modified":"2021-11-29T14:51:34","modified_gmt":"2021-11-29T13:51:34","slug":"wesolych-swiat-2","status":"publish","type":"post","link":"https:\/\/wsrodnas.pl\/?p=919","title":{"rendered":"Weso\u0142ych \u015awi\u0105t!!!"},"content":{"rendered":"\n<figure class=\"wp-block-gallery columns-1 is-cropped wp-block-gallery-1 is-layout-flex wp-block-gallery-is-layout-flex\"><ul class=\"blocks-gallery-grid\"><li class=\"blocks-gallery-item\"><figure><img loading=\"lazy\" decoding=\"async\" width=\"780\" height=\"493\" src=\"http:\/\/wsrodnas.pl\/wp-content\/uploads\/2021\/04\/wielkanoc-obraz.jpg\" alt=\"\" data-id=\"920\" data-full-url=\"http:\/\/wsrodnas.pl\/wp-content\/uploads\/2021\/04\/wielkanoc-obraz.jpg\" data-link=\"http:\/\/wsrodnas.pl\/?attachment_id=920\" class=\"wp-image-920\" srcset=\"https:\/\/wsrodnas.pl\/wp-content\/uploads\/2021\/04\/wielkanoc-obraz.jpg 780w, https:\/\/wsrodnas.pl\/wp-content\/uploads\/2021\/04\/wielkanoc-obraz-300x190.jpg 300w, https:\/\/wsrodnas.pl\/wp-content\/uploads\/2021\/04\/wielkanoc-obraz-768x485.jpg 768w\" sizes=\"(max-width: 780px) 100vw, 780px\" \/><\/figure><\/li><\/ul><\/figure>\n\n\n\n<p>Na stole \u015bwi\u0119cone, a obok baranek,<br>Koszyczek pe\u0142ny barwnych pisanek<br>I tak znamienne w polskim krajobrazie<br>W bukiecie srebrzyste, wiosenne bazie.<br>Zielony barwinek, fio\u0142ki i \u017conkile<br>&#8211; Barwami stroj\u0105 uroczyste chwile.<br>W dom polski wiosna wchodzi na spotkanie,<br>Gdy wielkanocne na stole \u015bniadanie.<\/p>\n\n\n\n<p>Zdrowych i spokojnych<br>\u015awiat Wielkanocnych<\/p>\n\n\n\n<p>\u00a0\u00a0\u00a0\u00a0\u00a0\u00a0\u00a0\u00a0\u00a0\u00a0\u00a0\u00a0\u00a0\u00a0\u00a0\u00a0\u00a0\u00a0\u00a0\u00a0\u00a0\u00a0\u00a0\u00a0\u00a0\u00a0\u00a0\u00a0\u00a0\u00a0\u00a0\u00a0\u00a0\u00a0\u00a0\u00a0\u00a0\u00a0\u00a0\u00a0\u00a0\u00a0\u00a0\u00a0\u00a0<\/p>\n\n\n\n<p>\u017byczy Naszym Podopiecznym, ich rodzinom, <\/p>\n\n\n\n<p>wszystkim sponsorom i darczy\u0144com                    <\/p>\n\n\n\n<p>                                                   Zarz\u0105d Stowarzyszenia<\/p>\n\n\n\n<p>                                                 August\u00f3w,\u00a0 Wielkanoc 2021<\/p>\n","protected":false},"excerpt":{"rendered":"<p>Na stole \u015bwi\u0119cone, a obok baranek,Koszyczek pe\u0142ny barwnych pisanekI tak znamienne w polskim krajobrazieW bukiecie srebrzyste, wiosenne bazie.Zielony barwinek, fio\u0142ki i \u017conkile&#8211; Barwami stroj\u0105 uroczyste chwile.W dom polski wiosna wchodzi na spotkanie,Gdy wielkanocne na stole \u015bniadanie. Zdrowych i spokojnych\u015awiat Wielkanocnych \u00a0\u00a0\u00a0\u00a0\u00a0\u00a0\u00a0\u00a0\u00a0\u00a0\u00a0\u00a0\u00a0\u00a0\u00a0\u00a0\u00a0\u00a0\u00a0\u00a0\u00a0\u00a0\u00a0\u00a0\u00a0\u00a0\u00a0\u00a0\u00a0\u00a0\u00a0\u00a0\u00a0\u00a0\u00a0\u00a0\u00a0\u00a0\u00a0\u00a0\u00a0\u00a0\u00a0\u00a0\u00a0 \u017byczy Naszym Podopiecznym, ich rodzinom, wszystkim sponsorom i darczy\u0144com Zarz\u0105d Stowarzyszenia August\u00f3w,\u00a0 Wielkanoc 2021<\/p>\n","protected":false},"author":2,"featured_media":920,"comment_status":"closed","ping_status":"open","sticky":false,"template":"","format":"standard","meta":{"footnotes":""},"categories":[11,4],"tags":[],"_links":{"self":[{"href":"https:\/\/wsrodnas.pl\/index.php?rest_route=\/wp\/v2\/posts\/919"}],"collection":[{"href":"https:\/\/wsrodnas.pl\/index.php?rest_route=\/wp\/v2\/posts"}],"about":[{"href":"https:\/\/wsrodnas.pl\/index.php?rest_route=\/wp\/v2\/types\/post"}],"author":[{"embeddable":true,"href":"https:\/\/wsrodnas.pl\/index.php?rest_route=\/wp\/v2\/users\/2"}],"replies":[{"embeddable":true,"href":"https:\/\/wsrodnas.pl\/index.php?rest_route=%2Fwp%2Fv2%2Fcomments&post=919"}],"version-history":[{"count":1,"href":"https:\/\/wsrodnas.pl\/index.php?rest_route=\/wp\/v2\/posts\/919\/revisions"}],"predecessor-version":[{"id":922,"href":"https:\/\/wsrodnas.pl\/index.php?rest_route=\/wp\/v2\/posts\/919\/revisions\/922"}],"wp:featuredmedia":[{"embeddable":true,"href":"https:\/\/wsrodnas.pl\/index.php?rest_route=\/wp\/v2\/media\/920"}],"wp:attachment":[{"href":"https:\/\/wsrodnas.pl\/index.php?rest_route=%2Fwp%2Fv2%2Fmedia&parent=919"}],"wp:term":[{"taxonomy":"category","embeddable":true,"href":"https:\/\/wsrodnas.pl\/index.php?rest_route=%2Fwp%2Fv2%2Fcategories&post=919"},{"taxonomy":"post_tag","embeddable":true,"href":"https:\/\/wsrodnas.pl\/index.php?rest_route=%2Fwp%2Fv2%2Ftags&post=919"}],"curies":[{"name":"wp","href":"https:\/\/api.w.org\/{rel}","templated":true}]}}