{"id":916,"date":"2021-04-03T14:28:56","date_gmt":"2021-04-03T13:28:56","guid":{"rendered":"http:\/\/wsrodnas.pl\/?p=916"},"modified":"2021-11-29T14:51:34","modified_gmt":"2021-11-29T13:51:34","slug":"ii-konkurs-plastyczny-swiat-niebieskich","status":"publish","type":"post","link":"https:\/\/wsrodnas.pl\/?p=916","title":{"rendered":"II Konkurs Plastyczny \u015awiat Niebieskich"},"content":{"rendered":"\n<p><\/p>\n\n\n\n<p><strong>REGULAMIN \u00a0II KONKURSU PLASTYCZNEGO \u201e\u015aWIAT NIEBIESKICH\u201d<\/strong><\/p>\n\n\n\n<p>1.Organizator konkursu:<\/p>\n\n\n\n<p>Stowarzyszenie Przyjaci\u00f3\u0142 Zespo\u0142u Szk\u00f3\u0142 Specjalnych \u201eW\u015br\u00f3d Nas\u201d w Augustowie<\/p>\n\n\n\n<p><strong>W ramach realizacji zadania publicznego finansowanego przez<\/strong><\/p>\n\n\n\n<p><strong>&nbsp;Burmistrza Miasta Augustowa \u201eRazem ku sprawno\u015bci \u2026\u201d<\/strong><\/p>\n\n\n\n<p>2.Czas trwania konkursu:<\/p>\n\n\n\n<p>15.03.2021r. \u2013 30.04.2021r.<\/p>\n\n\n\n<p>3.Og\u0142oszenie wynik\u00f3w:<\/p>\n\n\n\n<p>Maj 2021r.<\/p>\n\n\n\n<p>4.Cele konkursu:<\/p>\n\n\n\n<p>&#8211; utrwalenie wiedzy na temat autyzmu<\/p>\n\n\n\n<p>&#8211; kszta\u0142towanie postaw akceptacji&nbsp; os\u00f3b z autyzmem<\/p>\n\n\n\n<p>&#8211; w\u0142asna interpretacja \u015bwiata widzianego okiem osoby z autyzmem, \u015bwiata&nbsp; przyjaznego osobom z autyzmem<\/p>\n\n\n\n<p>&#8211; rozwijanie wyobra\u017ani i kreatywno\u015bci w dzia\u0142aniach tw\u00f3rczych<\/p>\n\n\n\n<p>5.Warunki uczestnictwa:<\/p>\n\n\n\n<p>&#8211; konkurs ma charakter indywidualny lub grupowy skierowany jest do uczni\u00f3w i zespo\u0142\u00f3w klasowych szk\u00f3\u0142 i &nbsp;augustowskich plac\u00f3wek sprawuj\u0105cych opiek\u0119 nad osobami niepe\u0142nosprawnymi<\/p>\n\n\n\n<p>6.Techniki wykonywanych prac:<\/p>\n\n\n\n<p>&#8211; prace p\u0142askie w formacie A4 w technice malarskiej lub rysunkowej, wyklejane, techniki \u0142\u0105czone &#8211; kola\u017c<\/p>\n\n\n\n<p>7.Ocena:<\/p>\n\n\n\n<p>&#8211; ocenie b\u0119d\u0105 podlega\u0107 prace wykonane w formacie A4 dostarczone do siedziby Stowarzyszenia Przyjaci\u00f3\u0142 Zespo\u0142u Szk\u00f3\u0142 Specjalnych w Augustowie, Al. Kardyna\u0142a Wyszy\u0144skiego 3B<\/p>\n\n\n\n<p>&#8211; praca powinna zawiera\u0107 opis:<\/p>\n\n\n\n<p>* nazwa szko\u0142y\/plac\u00f3wki<\/p>\n\n\n\n<p>* imiona i nazwiska autor\u00f3w pracy<\/p>\n\n\n\n<p>* wiek lub przedzia\u0142 wiekowy<\/p>\n\n\n\n<p>* numer telefonu osoby doros\u0142ej \u2013 opiekuna<\/p>\n\n\n\n<p>8.Termin dostarczania prac:<\/p>\n\n\n\n<p><strong>15.03. 2021r. do 30.04.2021r.<\/strong><\/p>\n\n\n\n<p>9.Oceny i nagrody:<\/p>\n\n\n\n<p>&#8211; oceny prac dokona komisja konkursowa powo\u0142ana przez Organizatora<\/p>\n\n\n\n<p>&#8211; ocenie podlega\u0107 b\u0119dzie pomys\u0142owo\u015b\u0107, wyobra\u017ania, walory artystyczne oraz technika wykonanej pracy<\/p>\n\n\n\n<p>&#8211; w konkursie zostan\u0105 przyznane miejsca I, II, III oraz wyr\u00f3\u017cnienia<\/p>\n\n\n\n<p>&#8211; wszyscy uczestnicy\/grupy zostan\u0105 r\u00f3wnie\u017c symbolicznie nagrodzeni za udzia\u0142 w konkursie<\/p>\n\n\n\n<p>10.Warunki oraz zasady przetwarzania danych osobowych uczestnik\u00f3w oraz ich opiekun\u00f3w zosta\u0142y okre\u015blone w za\u0142\u0105czniku nr 1 do niniejszego regulaminu<\/p>\n\n\n\n<p>11.Uczestnictwo w konkursie jest jednoznaczne z akceptacj\u0105 regulaminu II\u00a0 Konkursu Plastycznego \u00a0\u201e\u015awiat Niebieskich\u201d<\/p>\n\n\n\n<p>W za\u0142\u0105czeniu regulamin konkursu wraz z klauzul\u0105 o przetwarzaniu danych osobowych.<\/p>\n\n\n\n<div class=\"wp-block-file\"><a href=\"http:\/\/wsrodnas.pl\/wp-content\/uploads\/2021\/04\/REGULAMIN-KONKURSU-Swiat-Niebieskich-2021.docx\">REGULAMIN-KONKURSU-Swiat-Niebieskich-2021<\/a><a href=\"http:\/\/wsrodnas.pl\/wp-content\/uploads\/2021\/04\/REGULAMIN-KONKURSU-Swiat-Niebieskich-2021.docx\" class=\"wp-block-file__button\" download>Pobierz<\/a><\/div>\n\n\n\n<p><\/p>\n","protected":false},"excerpt":{"rendered":"<p>REGULAMIN \u00a0II KONKURSU PLASTYCZNEGO \u201e\u015aWIAT NIEBIESKICH\u201d 1.Organizator konkursu: Stowarzyszenie Przyjaci\u00f3\u0142 Zespo\u0142u Szk\u00f3\u0142 Specjalnych \u201eW\u015br\u00f3d Nas\u201d w Augustowie W ramach realizacji zadania publicznego finansowanego przez &nbsp;Burmistrza Miasta Augustowa \u201eRazem ku sprawno\u015bci \u2026\u201d 2.Czas trwania konkursu: 15.03.2021r. \u2013 30.04.2021r. 3.Og\u0142oszenie wynik\u00f3w: Maj 2021r. 4.Cele konkursu: &#8211; utrwalenie wiedzy na temat autyzmu &#8211; kszta\u0142towanie postaw akceptacji&nbsp; os\u00f3b z [&hellip;]<\/p>\n","protected":false},"author":2,"featured_media":0,"comment_status":"closed","ping_status":"open","sticky":false,"template":"","format":"standard","meta":{"footnotes":""},"categories":[11,4],"tags":[],"_links":{"self":[{"href":"https:\/\/wsrodnas.pl\/index.php?rest_route=\/wp\/v2\/posts\/916"}],"collection":[{"href":"https:\/\/wsrodnas.pl\/index.php?rest_route=\/wp\/v2\/posts"}],"about":[{"href":"https:\/\/wsrodnas.pl\/index.php?rest_route=\/wp\/v2\/types\/post"}],"author":[{"embeddable":true,"href":"https:\/\/wsrodnas.pl\/index.php?rest_route=\/wp\/v2\/users\/2"}],"replies":[{"embeddable":true,"href":"https:\/\/wsrodnas.pl\/index.php?rest_route=%2Fwp%2Fv2%2Fcomments&post=916"}],"version-history":[{"count":1,"href":"https:\/\/wsrodnas.pl\/index.php?rest_route=\/wp\/v2\/posts\/916\/revisions"}],"predecessor-version":[{"id":918,"href":"https:\/\/wsrodnas.pl\/index.php?rest_route=\/wp\/v2\/posts\/916\/revisions\/918"}],"wp:attachment":[{"href":"https:\/\/wsrodnas.pl\/index.php?rest_route=%2Fwp%2Fv2%2Fmedia&parent=916"}],"wp:term":[{"taxonomy":"category","embeddable":true,"href":"https:\/\/wsrodnas.pl\/index.php?rest_route=%2Fwp%2Fv2%2Fcategories&post=916"},{"taxonomy":"post_tag","embeddable":true,"href":"https:\/\/wsrodnas.pl\/index.php?rest_route=%2Fwp%2Fv2%2Ftags&post=916"}],"curies":[{"name":"wp","href":"https:\/\/api.w.org\/{rel}","templated":true}]}}