{"id":817,"date":"2020-07-31T09:20:14","date_gmt":"2020-07-31T08:20:14","guid":{"rendered":"http:\/\/wsrodnas.pl\/?p=817"},"modified":"2021-11-29T14:51:34","modified_gmt":"2021-11-29T13:51:34","slug":"rejs-z-okazji-dnia-dziecka","status":"publish","type":"post","link":"https:\/\/wsrodnas.pl\/?p=817","title":{"rendered":"Zaproszenie do udzia\u0142u w Konkursie Plastycznym &#8222;\u015awiat Niebieskich&#8221;"},"content":{"rendered":"\n<figure class=\"wp-block-image\"><img decoding=\"async\" src=\"\" alt=\"\"\/><\/figure>\n\n\n\n<figure class=\"wp-block-image\"><img decoding=\"async\" src=\"\" alt=\"\"\/><\/figure>\n\n\n\n<figure class=\"wp-block-image\"><img decoding=\"async\" src=\"\" alt=\"Zobacz obraz \u017ar\u00f3d\u0142owy\"\/><\/figure>\n\n\n\n<p><strong>REGULAMIN &nbsp;KONKURSU \u201e\u015aWIAT NIEBIESKICH\u201d<\/strong><\/p>\n\n\n\n<p>1.Organizator\nkonkursu:<\/p>\n\n\n\n<p>Stowarzyszenie Przyjaci\u00f3\u0142 Zespo\u0142u Szk\u00f3\u0142 Specjalnych\n\u201eW\u015br\u00f3d Nas\u201d w Augustowie<\/p>\n\n\n\n<p><strong>W ramach\nrealizacji zadania publicznego finansowanego przez<\/strong><\/p>\n\n\n\n<p><strong>&nbsp;Burmistrza Miasta Augustowa \u201eAktywno\u015b\u0107 szans\u0105\nna popraw\u0119 zdrowia\u201d<\/strong><\/p>\n\n\n\n<p>2.Czas\ntrwania konkursu:<\/p>\n\n\n\n<p>15.06.2020r.\n\u2013 15.09.2020r. <\/p>\n\n\n\n<p>3.Og\u0142oszenie\nwynik\u00f3w:<\/p>\n\n\n\n<p>Wrzesie\u0144\/Pa\u017adziernik\n2020r.<\/p>\n\n\n\n<p>4.Cele\nkonkursu:<\/p>\n\n\n\n<p>&#8211;\nutrwalenie wiedzy na temat autyzmu<\/p>\n\n\n\n<p>&#8211; kszta\u0142towanie\npostaw akceptacji&nbsp; os\u00f3b z autyzmem<\/p>\n\n\n\n<p>&#8211; w\u0142asna\ninterpretacja \u015bwiata widzianego okiem osoby z autyzmem, \u015bwiata&nbsp; przyjaznego osobom z autyzmem<\/p>\n\n\n\n<p>&#8211;\nrozwijanie wyobra\u017ani i kreatywno\u015bci w dzia\u0142aniach tw\u00f3rczych<\/p>\n\n\n\n<p>5.Warunki\nuczestnictwa:<\/p>\n\n\n\n<p>&#8211;\nkonkurs ma charakter grupowy, skierowany jest do zespo\u0142\u00f3w klasowych szk\u00f3\u0142 i &nbsp;augustowskich plac\u00f3wek sprawuj\u0105cych opiek\u0119 nad\nosobami niepe\u0142nosprawnymi<\/p>\n\n\n\n<p>6.Techniki\nwykonywanych prac:<\/p>\n\n\n\n<p>&#8211;\nprace p\u0142askie w formacie A3 w technice malarskiej lub rysunkowej, wyklejane,\ntechniki \u0142\u0105czone &#8211; kola\u017c<\/p>\n\n\n\n<p>7.Ocena:<\/p>\n\n\n\n<p>&#8211;\nocenie b\u0119d\u0105 podlega\u0107 prace wykonane w formacie A3 dostarczone do siedziby\nStowarzyszenia Przyjaci\u00f3\u0142 Zespo\u0142u Szk\u00f3\u0142 Specjalnych w Augustowie, Al. Kardyna\u0142a\nWyszy\u0144skiego 3B<\/p>\n\n\n\n<p>&#8211;\npraca powinna zawiera\u0107 opis: <\/p>\n\n\n\n<p>*\nnazwa szko\u0142y\/plac\u00f3wki<\/p>\n\n\n\n<p>*\nimiona i nazwiska autor\u00f3w pracy<\/p>\n\n\n\n<p>*\nwiek lub przedzia\u0142 wiekowy<\/p>\n\n\n\n<p>*\nnumer telefonu osoby doros\u0142ej \u2013 opiekuna<\/p>\n\n\n\n<p>8.Termin\ndostarczania prac:<\/p>\n\n\n\n<p><strong>15.06. 2020r. do 15.09.2020r. <\/strong><\/p>\n\n\n\n<p>9.Oceny\ni nagrody:<\/p>\n\n\n\n<p>&#8211;\noceny prac dokona komisja konkursowa powo\u0142ana przez Organizatora<\/p>\n\n\n\n<p>&#8211;\nocenie podlega\u0107 b\u0119dzie pomys\u0142owo\u015b\u0107, wyobra\u017ania, walory artystyczne oraz\ntechnika wykonanej pracy<\/p>\n\n\n\n<p>&#8211;\nw konkursie zostan\u0105 przyznane miejsca I, II, III oraz wyr\u00f3\u017cnienia<\/p>\n\n\n\n<p>&#8211;\nwszyscy uczestnicy\/grupy zostan\u0105 r\u00f3wnie\u017c symbolicznie nagrodzeni za udzia\u0142 w\nkonkursie<\/p>\n\n\n\n<p>10.Warunki\noraz zasady przetwarzania danych osobowych uczestnik\u00f3w oraz ich opiekun\u00f3w\nzosta\u0142y okre\u015blone w za\u0142\u0105czniku nr 1 do niniejszego regulaminu<\/p>\n\n\n\n<p>11.Uczestnictwo\nw konkursie jest jednoznaczne z akceptacj\u0105 regulaminu konkursu \u201e\u015awiat\nNiebieskich\u201d<\/p>\n\n\n\n<p>Za\u0142\u0105cznik nr\n1<\/p>\n\n\n\n<p><strong>KLAUZULA INFORMACYJNA\nDLA UCZESTNIKA KONKURSU \u201e\u015aWIAT NIEBIESKICH\u201d<\/strong><\/p>\n\n\n\n<p>Zgodnie z art. 13 ust. 1 i ust. 2 og\u00f3lnego rozporz\u0105dzenia o\nochronie danych osobowych z dnia 27 kwietnia 2016r. informujemy, \u017ce:<\/p>\n\n\n\n<p>1.administratorem Pani\/Pana danych osobowych jest Stowarzyszenie\nPrzyjaci\u00f3\u0142 Zespo\u0142u Szk\u00f3\u0142 Specjalnych \u201eW\u015br\u00f3d Nas\u201d w Augustowie<\/p>\n\n\n\n<p>2.Pani\/Pana dane osobowe przetwarzane b\u0119d\u0105 w celu organizacji\nkonkursu plastycznego pod nazw\u0105 \u201e \u015awiat Niebieskich\u201d zgodnie z art.. 6 ust. 1\nlit. A.<\/p>\n\n\n\n<p>a. przetwarzania danych w postaci wizerunku w celu jego\nzmieszczenia na stronach WWW. Stowarzyszenia i ZSS w Augustowie oraz mediach\nregionalnych.<\/p>\n\n\n\n<p>b. rozpowszechniania wizerunku na podstawie art. 81 ust. 1\nprawa autorskiego<\/p>\n\n\n\n<p>3.odbiorc\u0105 danych osobowych b\u0119d\u0105 podmioty i organy\nupowa\u017cnione do przetwarzania &nbsp;tych danych\nna podstawie przepis\u00f3w prawa<\/p>\n\n\n\n<p>4.Pani\/Pana dane osobowe nie b\u0119d\u0105 przekazywane do pa\u0144stwa\ntrzeciego\/organizacji mi\u0119dzynarodowej.<\/p>\n\n\n\n<p>5.Pani\/Pana dane osobowe b\u0119d\u0105 przechowywane przez okres\nprowadzenia przez Stowarzyszenie \u201eW\u015br\u00f3d Nas\u201d strony internetowej <a href=\"http:\/\/wsrodnas.pl\">www.wsrodnas.pl<\/a><\/p>\n\n\n\n<p>6.posiada Pani\/Pan prawo dost\u0119pu do tre\u015bci danych\npodopiecznego oraz prawo ich sprostowania, usuni\u0119cia, ograniczenia\nprzetwarzania, prawo do przenoszenia danych, prawo wniesienia sprzeciwu, prawo\ndo cofni\u0119cia w dowolnym momencie bez wp\u0142ywu na zgodno\u015b\u0107 z prawem przetwarzania,\nkt\u00f3rego dokonano na podstawie zgody przed jej cofni\u0119ciem<\/p>\n\n\n\n<p>7.ma Pani\/Pan prawo wniesienia skargi do Prezesa Urz\u0119du\nOchrony Danych Osobowych gdy uzna Pni\/Pan, i\u017c przetwarzanie danych osobowych\ndotycz\u0105cych Pani\/Pana podopiecznych narusza przepisy og\u00f3lnego rozporz\u0105dzenia o\nochronie danych osobowych z dnia 27 kwietnia 2016r.<\/p>\n\n\n\n<p>8.podanie przez Pani\u0105\/Pana danych osobowych podopiecznych\njest warunkiem udzia\u0142u w konkursie plastycznym pod nazw\u0105 \u201e \u015awiat Niebieskich\u201d.<\/p>\n\n\n\n<p>9.Pani\/Pana dane nie b\u0119d\u0105 przetwarzane w spos\u00f3b\nzautomatyzowany i nie b\u0119d\u0105 podlega\u0142y automatycznemu profilowaniu.<\/p>\n\n\n\n<p>&nbsp;&nbsp;&nbsp;&nbsp;&nbsp;&nbsp;&nbsp;&nbsp;&nbsp;&nbsp;&nbsp;&nbsp;&nbsp;&nbsp;&nbsp;&nbsp;&nbsp;&nbsp;&nbsp;&nbsp;&nbsp;&nbsp;&nbsp;&nbsp;&nbsp;&nbsp;&nbsp;&nbsp;&nbsp;&nbsp;&nbsp;&nbsp;&nbsp;&nbsp;&nbsp;&nbsp;&nbsp;&nbsp;&nbsp;&nbsp;&nbsp;&nbsp;&nbsp;&nbsp;&nbsp;&nbsp;&nbsp;&nbsp;&nbsp;&nbsp;&nbsp;\nZapozna\u0142am\/zapozna\u0142em si\u0119 &nbsp;z\ncelami &nbsp;przetwarzania, podstawie prawnej,\n<\/p>\n\n\n\n<p>&nbsp;&nbsp;&nbsp;&nbsp;&nbsp;&nbsp;&nbsp;&nbsp;&nbsp;&nbsp;&nbsp;&nbsp;&nbsp;&nbsp;&nbsp;&nbsp;&nbsp;&nbsp;&nbsp;&nbsp;&nbsp;&nbsp;&nbsp;&nbsp;&nbsp;&nbsp;&nbsp;&nbsp;&nbsp;&nbsp;&nbsp;&nbsp;&nbsp;&nbsp;&nbsp;&nbsp;&nbsp;&nbsp;&nbsp;&nbsp;&nbsp;&nbsp; czasie\nusuni\u0119cia oraz moich prawach i wyra\u017cam zgod\u0119<\/p>\n\n\n\n<p>&nbsp;&nbsp;&nbsp;&nbsp;&nbsp;&nbsp;&nbsp;&nbsp;&nbsp;&nbsp;&nbsp;&nbsp;&nbsp;&nbsp;&nbsp;&nbsp;&nbsp;&nbsp;&nbsp;&nbsp;&nbsp;&nbsp;&nbsp;&nbsp;&nbsp;&nbsp;&nbsp;&nbsp;&nbsp;&nbsp;&nbsp;&nbsp; &nbsp;&nbsp;\u2026\u2026\u2026\u2026\u2026\u2026\u2026\u2026\u2026\u2026\u2026\u2026\u2026\u2026\u2026\u2026\u2026\u2026\u2026\u2026\u2026\u2026\u2026\u2026\u2026\u2026\u2026\u2026\u2026\u2026\u2026\u2026\u2026\u2026\u2026\u2026\u2026\u2026\u2026\u2026\u2026\u2026\u2026\u2026\u2026\u2026\u2026\u2026\u2026\u2026\u2026\u2026\u2026..<\/p>\n\n\n\n<p>Data i podpis<\/p>\n\n\n\n<p><\/p>\n","protected":false},"excerpt":{"rendered":"<p>REGULAMIN &nbsp;KONKURSU \u201e\u015aWIAT NIEBIESKICH\u201d 1.Organizator konkursu: Stowarzyszenie Przyjaci\u00f3\u0142 Zespo\u0142u Szk\u00f3\u0142 Specjalnych \u201eW\u015br\u00f3d Nas\u201d w Augustowie W ramach realizacji zadania publicznego finansowanego przez &nbsp;Burmistrza Miasta Augustowa \u201eAktywno\u015b\u0107 szans\u0105 na popraw\u0119 zdrowia\u201d 2.Czas trwania konkursu: 15.06.2020r. \u2013 15.09.2020r. 3.Og\u0142oszenie wynik\u00f3w: Wrzesie\u0144\/Pa\u017adziernik 2020r. 4.Cele konkursu: &#8211; utrwalenie wiedzy na temat autyzmu &#8211; kszta\u0142towanie postaw akceptacji&nbsp; os\u00f3b z autyzmem [&hellip;]<\/p>\n","protected":false},"author":2,"featured_media":0,"comment_status":"closed","ping_status":"open","sticky":false,"template":"","format":"standard","meta":{"footnotes":""},"categories":[11,4],"tags":[],"_links":{"self":[{"href":"https:\/\/wsrodnas.pl\/index.php?rest_route=\/wp\/v2\/posts\/817"}],"collection":[{"href":"https:\/\/wsrodnas.pl\/index.php?rest_route=\/wp\/v2\/posts"}],"about":[{"href":"https:\/\/wsrodnas.pl\/index.php?rest_route=\/wp\/v2\/types\/post"}],"author":[{"embeddable":true,"href":"https:\/\/wsrodnas.pl\/index.php?rest_route=\/wp\/v2\/users\/2"}],"replies":[{"embeddable":true,"href":"https:\/\/wsrodnas.pl\/index.php?rest_route=%2Fwp%2Fv2%2Fcomments&post=817"}],"version-history":[{"count":3,"href":"https:\/\/wsrodnas.pl\/index.php?rest_route=\/wp\/v2\/posts\/817\/revisions"}],"predecessor-version":[{"id":859,"href":"https:\/\/wsrodnas.pl\/index.php?rest_route=\/wp\/v2\/posts\/817\/revisions\/859"}],"wp:attachment":[{"href":"https:\/\/wsrodnas.pl\/index.php?rest_route=%2Fwp%2Fv2%2Fmedia&parent=817"}],"wp:term":[{"taxonomy":"category","embeddable":true,"href":"https:\/\/wsrodnas.pl\/index.php?rest_route=%2Fwp%2Fv2%2Fcategories&post=817"},{"taxonomy":"post_tag","embeddable":true,"href":"https:\/\/wsrodnas.pl\/index.php?rest_route=%2Fwp%2Fv2%2Ftags&post=817"}],"curies":[{"name":"wp","href":"https:\/\/api.w.org\/{rel}","templated":true}]}}