{"id":761,"date":"2019-12-24T18:54:58","date_gmt":"2019-12-24T17:54:58","guid":{"rendered":"http:\/\/wsrodnas.pl\/?p=761"},"modified":"2021-11-29T14:51:34","modified_gmt":"2021-11-29T13:51:34","slug":"festiwal-koled-i-pastoralek","status":"publish","type":"post","link":"https:\/\/wsrodnas.pl\/?p=761","title":{"rendered":"Festiwal Kol\u0119d i Pastora\u0142ek"},"content":{"rendered":"\n<p>W dniu 11 grudnia 2019r.\nodby\u0142 si\u0119 Mi\u0119dzynarodowy Dzie\u0144 Os\u00f3b Niepe\u0142nosprawnych. Jest to \u015bwi\u0119to\nobchodzone corocznie w grudniu od 1992 roku. Jego celem jest przybli\u017cenie\nproblem\u00f3w os\u00f3b niepe\u0142nosprawnych oraz pomoc we w\u0142\u0105czenie ich w \u017cycie spo\u0142eczne.\nW ramach tego dnia odby\u0142 si\u0119 Festiwal Kol\u0119d i Pastora\u0142ek. Wsp\u00f3lne kol\u0119dowanie,\n\u015bwi\u0119towanie zjednoczy\u0142o uczestnik\u00f3w imprezy , by\u0142o okazj\u0105 do ukazania\nmo\u017cliwo\u015bci, talent\u00f3w os\u00f3b niepe\u0142nosprawnych, budowania tak wa\u017cnych uczu\u0107 jak\nuczucia akceptacji, empatii,&nbsp; rado\u015bci. W ten szczeg\u00f3lny dzie\u0144 bardzo\nlicznie przybyli do nas kol\u0119dnicy.&nbsp; Przedstawiciele poszczeg\u00f3lnych grup\nartystycznych zawiesili bombki na wsp\u00f3lnej choince \u2013 symbolu jedno\u015bci,\nprzyja\u017ani i&nbsp; wsp\u00f3lnoty. Uczestnicy zaprezentowali w\u0142asne aran\u017cacje&nbsp;\nkol\u0119d i pastora\u0142ek, kt\u00f3re oprawione by\u0142y niezwyk\u0142ymi efektami&nbsp; w postaci\nuk\u0142ad\u00f3w tanecznych, scenografii, kostium\u00f3w, masek . Najwa\u017cniejszymi jednak,\nnajpi\u0119kniejszymi i trafiaj\u0105cymi wprost do naszych serc zda\u0142y si\u0119 by\u0107 emocje\njakimi emanowali i wysy\u0142ali zewsz\u0105d uczestnicy festiwalu. Ka\u017cde wy\u015bpiewane\ns\u0142owo, wydobyty d\u017awi\u0119k, wykonany ruch wprowadza\u0142y ducha mi\u0142o\u015bci, pokoju,\nprzybli\u017ca\u0142y nas jeszcze bardziej w niepowtarzalny klimat \u015bwi\u0105teczny. Mi\u0142\u0105\natrakcj\u0105 by\u0142a osoba \u015bw. Miko\u0142aja, kt\u00f3ry zaszczyci\u0142&nbsp; nas swoj\u0105 obecno\u015bci\u0105 w\ntym wyj\u0105tkowym dniu, obdarowywa\u0142 prezentami uczestnik\u00f3w, kt\u00f3rzy prezentowali\nsi\u0119 na scenie.&nbsp;&nbsp; By\u0142 to magiczny, dobry, niepowtarzalny dzie\u0144. Odby\u0142\nsi\u0119 r\u00f3wnie\u017c kiermasz prac wykonanych przez uczni\u00f3w Szko\u0142y Przysposabiaj\u0105cej do\nPracy, kt\u00f3ry by\u0142 tak\u017ce okazj\u0105 do zaprezentowania naszych kolejnych talent\u00f3w,\npasji i umiej\u0119tno\u015bci!. Dzi\u0119kujemy serdecznie wszystkim uczestnikom,&nbsp; za\nzaanga\u017cowanie, trud, niezapomniane emocje, jakimi nas obdarowali. Dzi\u0119kujemy\nwspania\u0142ym dobrym ludziom \u2013 opiekunom wszystkich wyst\u0119puj\u0105cych uczestnik\u00f3w , za\nwk\u0142ad w\u0142o\u017cony w ich przygotowanie, wydobywanie najpi\u0119kniejszych diament\u00f3w.\nDzi\u0119kujemy ka\u017cdemu z osobna, za bycie z nami w tym wa\u017cnym dniu!<\/p>\n\n\n\n<p><em>W Festiwalu Kol\u0119d i Pastora\u0142ek udzia\u0142\nwzi\u0119li:<\/em><\/p>\n\n\n\n<ol><li>Bursa Mi\u0119dzyszkolna<\/li><li>Przedszkole nr 3 z Oddzia\u0142ami\nIntegracyjnymi<\/li><li>Dom Pomocy Spo\u0142ecznej w Augustowie<\/li><li>Zesp\u00f3\u0142 Szk\u00f3\u0142 Technicznych<\/li><li>I Liceum Og\u00f3lnokszta\u0142c\u0105ce<\/li><li>Zesp\u00f3\u0142 Szk\u00f3\u0142 Specjalnych<\/li><li>Warsztaty Terapii Zaj\u0119ciowej<\/li><li>Dom Pomocy Spo\u0142ecznej w Studzienicznej<\/li><li>&nbsp;II Liceum Og\u00f3lnokszta\u0142c\u0105ce<\/li><li>Spo\u0142eczna Szko\u0142a Podstawowa<\/li><li>Augustowskie Centrum Edukacyjne<\/li><\/ol>\n\n\n\n<p>Uroczysto\u015b\u0107&nbsp; odby\u0142a\nsi\u0119 w ramach realizacji zadania publicznego naszego Stowarzyszenia \u201dW\u015br\u00f3d Nas\u201d-\n\u201eRazem poka\u017cemy siebie wi\u0119cej\u201d wsp\u00f3\u0142finansowanego przez Burmistrza Miasta\nAugustowa oraz wsparciu finansowemu Zarz\u0105du Powiatu, Rady Rodzic\u00f3w ZSS .\nDzi\u0119kujemy r\u00f3wnie\u017c Przedsi\u0119biorstwu&nbsp; Augustowianka za wod\u0119 mineraln\u0105.<\/p>\n\n\n\n<p>Agnieszka Szczyg\u0142o,\nDaria D\u0119bowska<\/p>\n","protected":false},"excerpt":{"rendered":"<p>W dniu 11 grudnia 2019r. odby\u0142 si\u0119 Mi\u0119dzynarodowy Dzie\u0144 Os\u00f3b Niepe\u0142nosprawnych. Jest to \u015bwi\u0119to obchodzone corocznie w grudniu od 1992 roku. Jego celem jest przybli\u017cenie problem\u00f3w os\u00f3b niepe\u0142nosprawnych oraz pomoc we w\u0142\u0105czenie ich w \u017cycie spo\u0142eczne. W ramach tego dnia odby\u0142 si\u0119 Festiwal Kol\u0119d i Pastora\u0142ek. Wsp\u00f3lne kol\u0119dowanie, \u015bwi\u0119towanie zjednoczy\u0142o uczestnik\u00f3w imprezy , by\u0142o okazj\u0105 [&hellip;]<\/p>\n","protected":false},"author":2,"featured_media":0,"comment_status":"closed","ping_status":"open","sticky":false,"template":"","format":"standard","meta":{"footnotes":""},"categories":[11,4],"tags":[],"_links":{"self":[{"href":"https:\/\/wsrodnas.pl\/index.php?rest_route=\/wp\/v2\/posts\/761"}],"collection":[{"href":"https:\/\/wsrodnas.pl\/index.php?rest_route=\/wp\/v2\/posts"}],"about":[{"href":"https:\/\/wsrodnas.pl\/index.php?rest_route=\/wp\/v2\/types\/post"}],"author":[{"embeddable":true,"href":"https:\/\/wsrodnas.pl\/index.php?rest_route=\/wp\/v2\/users\/2"}],"replies":[{"embeddable":true,"href":"https:\/\/wsrodnas.pl\/index.php?rest_route=%2Fwp%2Fv2%2Fcomments&post=761"}],"version-history":[{"count":1,"href":"https:\/\/wsrodnas.pl\/index.php?rest_route=\/wp\/v2\/posts\/761\/revisions"}],"predecessor-version":[{"id":762,"href":"https:\/\/wsrodnas.pl\/index.php?rest_route=\/wp\/v2\/posts\/761\/revisions\/762"}],"wp:attachment":[{"href":"https:\/\/wsrodnas.pl\/index.php?rest_route=%2Fwp%2Fv2%2Fmedia&parent=761"}],"wp:term":[{"taxonomy":"category","embeddable":true,"href":"https:\/\/wsrodnas.pl\/index.php?rest_route=%2Fwp%2Fv2%2Fcategories&post=761"},{"taxonomy":"post_tag","embeddable":true,"href":"https:\/\/wsrodnas.pl\/index.php?rest_route=%2Fwp%2Fv2%2Ftags&post=761"}],"curies":[{"name":"wp","href":"https:\/\/api.w.org\/{rel}","templated":true}]}}