{"id":733,"date":"2019-09-18T15:32:05","date_gmt":"2019-09-18T15:32:05","guid":{"rendered":"http:\/\/wsrodnas.pl\/?p=733"},"modified":"2021-11-29T14:51:44","modified_gmt":"2021-11-29T13:51:44","slug":"letnie-przygody-w-przystani-weneckiej","status":"publish","type":"post","link":"https:\/\/wsrodnas.pl\/?p=733","title":{"rendered":"Letnie przygody w Przystani Weneckiej"},"content":{"rendered":"<p>W dniach 02-12.07.2019r. odby\u0142y si\u0119 kolonie letnie zorganizowane przez Stowarzyszenie Przyjaci\u00f3\u0142 Zespo\u0142u Szk\u00f3\u0142 Specjalnych \u201eW\u015br\u00f3d nas\u201d w Augustowie we wsp\u00f3\u0142pracy z Zespo\u0142em Szk\u00f3\u0142 Specjalnych. Przedsi\u0119wzi\u0119cie by\u0142o mo\u017cliwe dzi\u0119ki realizacji zadania publicznego wsp\u00f3\u0142finansowanego przez Burmistrza Miasta Augustowa \u201eKreatywne wakacje w Przystani Weneckiej\u201d. W tym roku go\u015bci\u0142 nas O\u015brodek Wypoczynkowy \u201ePrzysta\u0144 Wenecka\u201d znajduj\u0105cy si\u0119 w miejscowo\u015bci o urokliwej nazwie Wenecja, w krainie geograficznej zwanej Pa\u0142ukami. Uczestnikami wypoczynku letniego by\u0142y m\u0142odsi uczniowie wraz z rodzicami, m\u0142odzie\u017c szkolna, osoby doros\u0142e \u2013 absolwenci, czyli spo\u0142eczno\u015b\u0107, szczeg\u00f3lnie zwi\u0105zana z Zespo\u0142em Szk\u00f3\u0142 Specjalnych w Augustowie, b\u0119d\u0105ca jednocze\u015bnie podopiecznymi naszego Stowarzyszenia.<\/p>\n<p>Nasza aktywno\u015b\u0107 kolonijna charakteryzowa\u0142a si\u0119 g\u0142\u00f3wnie wyjazdami krajoznawczymi. Mieli\u015bmy okazj\u0119 do zwiedzenia znanych polskich miast: Torunia, Bydgoszczy, Gniezna. Odwiedzili\u015bmy Biskupin, \u017bnin, Wenecj\u0119. Ka\u017cda z tych miejscowo\u015bci zostawi\u0142a w nas niezapomniane wra\u017cenia przypiecz\u0119towane atrakcyjnymi dzia\u0142aniami praktycznymi.<\/p>\n<p>W\u00f3wczas kiedy zostawali\u015bmy na miejscu korzystali\u015bmy z propozycji lokalowo-plenerowych o\u015brodka organizuj\u0105c zaj\u0119cia plastyczne, zabawy muzyczne \u2013 \u201eMam talent\u201d, \u201eKaraoke\u201d; zawody sportowe, podchody, tory przeszk\u00f3d, spotkania integracyjne przy ognisku, wyj\u015bcia nad Jezioro Weneckie.<\/p>\n<p>Du\u017c\u0105 atrakcj\u0105 okaza\u0142a si\u0119 podr\u00f3\u017c poci\u0105giem z Augustowa i w drog\u0119 powrotn\u0105. Mieli\u015bmy te\u017c okazj\u0119 jecha\u0107 kolejk\u0105 w\u0105skotorow\u0105, p\u0142yn\u0105\u0107 tramwajem wodnym, oraz odbywa\u0107 d\u0142u\u017csze rajdy piesze.<\/p>\n<p>Pobyt na koloniach letnich, dla wi\u0119kszo\u015bci uczestnik\u00f3w, by\u0142 \u015bwietn\u0105 okazj\u0105 do sprawdzenia siebie, swojej dojrza\u0142o\u015bci spo\u0142ecznej, samodzielno\u015bci, zaradno\u015bci, do nauki i zdobywania nowych do\u015bwiadcze\u0144. Niekt\u00f3rzy spo\u015br\u00f3d uczestnik\u00f3w po raz pierwszy mieli okazj\u0119 do d\u0142u\u017cszego wyjazdu poza miejsce zamieszkania. Serdecznie dzi\u0119kujemy wszystkim tym kt\u00f3rzy przyczynili si\u0119 do zorganizowania wypoczynku letniego, ca\u0142ej 35-osobowej grupie kolonijnej. Za w\u0142o\u017cony wysi\u0142ek, prac\u0119, opiek\u0119, cierpliwo\u015b\u0107, a szczeg\u00f3lnie za u\u015bmiech, mi\u0142e s\u0142owo, wsparcie, wyrozumia\u0142o\u015b\u0107. Ka\u017cde takie wyzwanie przynosi wiele satysfakcji, zadowolenia, motywuje nas by dawa\u0107 z siebie jeszcze wi\u0119cej.<\/p>\n<p>Wyprawa kolonijna nie by\u0142aby mo\u017cliwa bez wsparcia finansowego Burmistrza Miasta Augustowa oraz firm (darowizny), os\u00f3b prywatnych przekazuj\u0105cych 1% podatku na rzecz naszego Stowarzyszenia. Pomog\u0142y nam, udzielaj\u0105c rabat\u00f3w, odwiedzane na trasie naszej wyprawy instytucje, za co z ca\u0142ego serca serdecznie dzi\u0119kujemy:<\/p>\n<p>Muzeum Archeologiczne w Biskupinie<\/p>\n<p>Muzeum Ziemi Pa\u0142uckiej w \u017bninie (Magistrat, Kolej i Muzeum Kolei W\u0105skotorowej w Wenecji wraz z zamkiem Diab\u0142a Weneckiego)<\/p>\n<p>Muzeum Pocz\u0105tk\u00f3w Pa\u0144stwa Polskiego w Gnie\u017anie<\/p>\n<p>Biuro Obs\u0142ugi Turystycznej i Pielgrzymkowej Wzg\u00f3rza Lecha w Gnie\u017anie<\/p>\n<p>Muzeum Myd\u0142a i Historii Brudu w Bydgoszczy.<\/p>\n<p>Ogromne podzi\u0119kowania nale\u017c\u0105 si\u0119 O\u015brodkowi Kolonijnemu Przysta\u0144 Wenecka, kt\u00f3ry go\u015bci\u0142 nas. Dzi\u0119kujemy Pani Karolinie i Panu Radkowi oraz przesympatycznej obs\u0142udze o\u015brodka i mamy nadziej\u0119, \u017ce jeszcze kiedy\u015b wybierzemy si\u0119 w Wasze go\u015bcinne progi.<\/p>\n<p style=\"text-align: right;\">\u00a0 Zarz\u0105d Stowarzyszenia: Halina Szulewska, Iwona Bagi\u0144ska, Agnieszka Turowska<\/p>\n<p>&nbsp;<\/p>\n<p>&nbsp;<\/p>\n<p style=\"text-align: right;\"><a href=\"http:\/\/wsrodnas.pl\/wp-content\/uploads\/2019\/09\/DSC_0067.jpg\" rel=\"lightbox[733]\"><img loading=\"lazy\" decoding=\"async\" class=\" wp-image-734 alignleft\" src=\"http:\/\/wsrodnas.pl\/wp-content\/uploads\/2019\/09\/DSC_0067-300x225.jpg\" alt=\"\" width=\"315\" height=\"236\" srcset=\"https:\/\/wsrodnas.pl\/wp-content\/uploads\/2019\/09\/DSC_0067-300x225.jpg 300w, https:\/\/wsrodnas.pl\/wp-content\/uploads\/2019\/09\/DSC_0067-768x576.jpg 768w, https:\/\/wsrodnas.pl\/wp-content\/uploads\/2019\/09\/DSC_0067-1024x768.jpg 1024w\" sizes=\"(max-width: 315px) 100vw, 315px\" \/><\/a><\/p>\n<p style=\"text-align: right;\"><a href=\"http:\/\/wsrodnas.pl\/wp-content\/uploads\/2019\/09\/DSC_0010.jpg\" rel=\"lightbox[733]\"><img loading=\"lazy\" decoding=\"async\" class=\"alignnone wp-image-735\" src=\"http:\/\/wsrodnas.pl\/wp-content\/uploads\/2019\/09\/DSC_0010-300x169.jpg\" alt=\"\" width=\"325\" height=\"183\" srcset=\"https:\/\/wsrodnas.pl\/wp-content\/uploads\/2019\/09\/DSC_0010-300x169.jpg 300w, https:\/\/wsrodnas.pl\/wp-content\/uploads\/2019\/09\/DSC_0010-768x432.jpg 768w, https:\/\/wsrodnas.pl\/wp-content\/uploads\/2019\/09\/DSC_0010-1024x576.jpg 1024w\" sizes=\"(max-width: 325px) 100vw, 325px\" \/><\/a><\/p>\n<p>&nbsp;<\/p>\n<p>&nbsp;<\/p>\n<p><a href=\"http:\/\/wsrodnas.pl\/wp-content\/uploads\/2019\/09\/DSC_0025.jpg\" rel=\"lightbox[733]\"><img loading=\"lazy\" decoding=\"async\" class=\"alignnone wp-image-736\" src=\"http:\/\/wsrodnas.pl\/wp-content\/uploads\/2019\/09\/DSC_0025-300x188.jpg\" alt=\"\" width=\"316\" height=\"198\" srcset=\"https:\/\/wsrodnas.pl\/wp-content\/uploads\/2019\/09\/DSC_0025-300x188.jpg 300w, https:\/\/wsrodnas.pl\/wp-content\/uploads\/2019\/09\/DSC_0025-768x480.jpg 768w, https:\/\/wsrodnas.pl\/wp-content\/uploads\/2019\/09\/DSC_0025-1024x640.jpg 1024w\" sizes=\"(max-width: 316px) 100vw, 316px\" \/><\/a> \u00a0 \u00a0 \u00a0 \u00a0 \u00a0 \u00a0 \u00a0 \u00a0 \u00a0 \u00a0 \u00a0 \u00a0 \u00a0<a href=\"http:\/\/wsrodnas.pl\/wp-content\/uploads\/2019\/09\/DSC_0049.jpg\" rel=\"lightbox[733]\"><img loading=\"lazy\" decoding=\"async\" class=\"alignnone wp-image-737\" src=\"http:\/\/wsrodnas.pl\/wp-content\/uploads\/2019\/09\/DSC_0049-188x300.jpg\" alt=\"\" width=\"203\" height=\"324\" srcset=\"https:\/\/wsrodnas.pl\/wp-content\/uploads\/2019\/09\/DSC_0049-188x300.jpg 188w, https:\/\/wsrodnas.pl\/wp-content\/uploads\/2019\/09\/DSC_0049-768x1229.jpg 768w, https:\/\/wsrodnas.pl\/wp-content\/uploads\/2019\/09\/DSC_0049-640x1024.jpg 640w\" sizes=\"(max-width: 203px) 100vw, 203px\" \/><\/a><\/p>\n","protected":false},"excerpt":{"rendered":"<p>W dniach 02-12.07.2019r. odby\u0142y si\u0119 kolonie letnie zorganizowane przez Stowarzyszenie Przyjaci\u00f3\u0142 Zespo\u0142u Szk\u00f3\u0142 Specjalnych \u201eW\u015br\u00f3d nas\u201d w Augustowie we wsp\u00f3\u0142pracy z Zespo\u0142em Szk\u00f3\u0142 Specjalnych. Przedsi\u0119wzi\u0119cie by\u0142o mo\u017cliwe dzi\u0119ki realizacji zadania publicznego wsp\u00f3\u0142finansowanego przez Burmistrza Miasta Augustowa \u201eKreatywne wakacje w Przystani Weneckiej\u201d. W tym roku go\u015bci\u0142 nas O\u015brodek Wypoczynkowy \u201ePrzysta\u0144 Wenecka\u201d znajduj\u0105cy si\u0119 w miejscowo\u015bci o [&hellip;]<\/p>\n","protected":false},"author":2,"featured_media":734,"comment_status":"closed","ping_status":"open","sticky":false,"template":"","format":"standard","meta":{"footnotes":""},"categories":[11,4],"tags":[],"_links":{"self":[{"href":"https:\/\/wsrodnas.pl\/index.php?rest_route=\/wp\/v2\/posts\/733"}],"collection":[{"href":"https:\/\/wsrodnas.pl\/index.php?rest_route=\/wp\/v2\/posts"}],"about":[{"href":"https:\/\/wsrodnas.pl\/index.php?rest_route=\/wp\/v2\/types\/post"}],"author":[{"embeddable":true,"href":"https:\/\/wsrodnas.pl\/index.php?rest_route=\/wp\/v2\/users\/2"}],"replies":[{"embeddable":true,"href":"https:\/\/wsrodnas.pl\/index.php?rest_route=%2Fwp%2Fv2%2Fcomments&post=733"}],"version-history":[{"count":1,"href":"https:\/\/wsrodnas.pl\/index.php?rest_route=\/wp\/v2\/posts\/733\/revisions"}],"predecessor-version":[{"id":964,"href":"https:\/\/wsrodnas.pl\/index.php?rest_route=\/wp\/v2\/posts\/733\/revisions\/964"}],"wp:featuredmedia":[{"embeddable":true,"href":"https:\/\/wsrodnas.pl\/index.php?rest_route=\/wp\/v2\/media\/734"}],"wp:attachment":[{"href":"https:\/\/wsrodnas.pl\/index.php?rest_route=%2Fwp%2Fv2%2Fmedia&parent=733"}],"wp:term":[{"taxonomy":"category","embeddable":true,"href":"https:\/\/wsrodnas.pl\/index.php?rest_route=%2Fwp%2Fv2%2Fcategories&post=733"},{"taxonomy":"post_tag","embeddable":true,"href":"https:\/\/wsrodnas.pl\/index.php?rest_route=%2Fwp%2Fv2%2Ftags&post=733"}],"curies":[{"name":"wp","href":"https:\/\/api.w.org\/{rel}","templated":true}]}}