{"id":706,"date":"2019-04-14T15:32:49","date_gmt":"2019-04-14T15:32:49","guid":{"rendered":"http:\/\/wsrodnas.pl\/?p=706"},"modified":"2021-11-29T14:51:44","modified_gmt":"2021-11-29T13:51:44","slug":"niebieski-dzien","status":"publish","type":"post","link":"https:\/\/wsrodnas.pl\/?p=706","title":{"rendered":"Niebieski Dzie\u0144"},"content":{"rendered":"<p><span style=\"color: #000000; font-family: Calibri;\">2.04.2019 \u00a0ju\u017c po raz 8 w\u0142\u0105czyli\u015bmy si\u0119 w \u015awiatowy Dzie\u0144 Wiedzy na temat Autyzmu.\u00a0 Inicjatorem akcji by\u0142 Zesp\u00f3\u0142 Szk\u00f3\u0142 Specjalnych w Augustowie wraz ze Stowarzyszeniem Przyjaci\u00f3\u0142 Zespo\u0142u Szk\u00f3\u0142 Specjalnych \u201eW\u015br\u00f3d Nas\u201d w Augustowie. Tegoroczne huczne obchody odbywa\u0142y si\u0119 w ramach realizacji zadania publicznego wsp\u00f3\u0142finansowanego ze \u015brodk\u00f3w Burmistrza Miasta Augustowa \u2013 \u201eRazem poka\u017cemy siebie wi\u0119cej\u201d. Wsparcia finansowego udzieli\u0142 nam r\u00f3wnie\u017c\u00a0 Starosta Augustowski i Bank Sp\u00f3\u0142dzielczy w Augustowie. Wsp\u00f3\u0142ogranizatorami akcji by\u0142a Szko\u0142a Podstawowa Nr 3 w Augustowie, Przedszkole Nr 3 z Oddzia\u0142ami Integracyjnymi w Augustowie. Patronat honorowy nad imprez\u0105 obj\u0119li: Starosta Augustowski Jaros\u0142aw Szlaszy\u0144ski i Burmistrz Miasta Augustowa Miros\u0142aw Karolczuk. Patronatu\u00a0 medialnego udzielili: \u00a0Dziennik Powiatowy, Przegl\u0105d Powiatowy, augustow24.pl, augustow.org . Do uczestnictwa w niebieskim happeningu i marszu oraz seansie w kinie zaprosili\u015bmy I Liceum Og\u00f3lnokszta\u0142c\u0105ce w Augustowie,\u00a0 Zesp\u00f3\u0142 Szk\u00f3\u0142 Spo\u0142ecznych w Augustowie,\u00a0 Warsztat Terapii Zaj\u0119ciowej\u00a0 w Augustowie, \u015arodowiskowy Dom Samopomocy w Augustowie, Szko\u0142\u0119 Podstawow\u0105 Nr 4 w Augustowie, przedstawicielki Miejskiej Biblioteki Publicznej. Na niebiesko za\u015bwiecili i czuwali nad naszym bezpiecze\u0144stwem przedstawiciele augustowskiej policji pod przewodnictwem Pana Paw\u0142a Jakubiaka. Przy i\u015bcie wiosennej s\u0142onecznej\u00a0 pogodzie na Rynku Zygmunta Augusta, pod kolumn\u0105 jego za\u0142o\u017cyciela, zgromadzi\u0142o si\u0119 ponad 300 os\u00f3b uzbrojonych w r\u00f3\u017cne niebieskie gad\u017cety: baloniki, hustki, ubrania, chor\u0105giewki, banery z has\u0142ami wspieraj\u0105cymi integracj\u0119 z osobami ze spektrum autyzmu, udzielanie im zrozumienia i wsparcia oraz d\u0105\u017cenie do w\u0142\u0105czenia, na r\u00f3wni z pozosta\u0142ymi\u00a0 lud\u017ami w spo\u0142ecze\u0144stwo. Przy d\u017awi\u0119kach muzyki, pod wodz\u0105 niebieskiej przyw\u00f3dczyni Pani Ireny \u015aniadkowskiej (nauczycielki Szko\u0142y Podstawowej Nr 3) integrowali\u015bmy si\u0119 z autystykami, propagowali\u015bmy wiedz\u0119 o tym tajemniczym zaburzeniu. Barwny korow\u00f3d okr\u0105\u017cy\u0142 park w centrum miasta i uda\u0142 si\u0119 do Kina Iskra. Uczestnicy imprezy mieli okazj\u0119 obejrze\u0107 film \u201eKomunia\u201d, dokument o autystycznym Nikodemie i jego \u201ebohaterskiej\u201d\u00a0 siostrze, kt\u00f3ra na co dzie\u0144 wspiera go w zmaganiu si\u0119 z wszelkimi przeciwno\u015bciami oraz pomaga mu\u00a0 przygotowa\u0107 si\u0119 do przyj\u0119cia Pierwszej Komunii \u015awi\u0119tej. Liczne uczestnictwo i zaanga\u017cowanie wszystkich,\u00a0 upewni\u0142y nas, \u017ce zar\u00f3wno pomys\u0142 na imprez\u0119 jak i jej przebieg, spe\u0142ni\u0142y swoje zadanie i rozpropagowa\u0142y wiedz\u0119, otwarto\u015b\u0107 i brak dyskryminacji dla os\u00f3b dotkni\u0119tych autyzmem. <\/span><\/p>\n<p><span style=\"color: #000000; font-family: Calibri;\">Serdecznie dzi\u0119kujemy wszystkim, kt\u00f3rzy przyj\u0119li nasze zaproszenie i w\u0142\u0105czyli si\u0119 w t\u0105 wa\u017cn\u0105 akcj\u0119. Wszystkim wsp\u00f3\u0142organizatorom, patronom honorowy i medialnym, kt\u00f3rych przychylno\u015b\u0107 pozwoli\u0142a nam \u201eZa\u015bwieci\u0107 si\u0119 na niebiesko\u201d<\/span><\/p>\n<p><span style=\"font-family: Calibri;\"><span style=\"color: #000000;\">\u00a0\u00a0\u00a0\u00a0\u00a0\u00a0\u00a0\u00a0\u00a0\u00a0\u00a0\u00a0\u00a0\u00a0\u00a0\u00a0\u00a0\u00a0\u00a0\u00a0\u00a0\u00a0\u00a0\u00a0\u00a0\u00a0\u00a0\u00a0\u00a0\u00a0\u00a0\u00a0\u00a0\u00a0\u00a0 p. Halina Szulewska, p. Alicja Soko\u0142owska , p. Agnieszka Joanna Turowska<\/span><\/span><\/p>\n<p><span style=\"color: #000000; font-family: Calibri;\">\u00a0<\/span><\/p>\n<p><span style=\"color: #000000; font-family: Calibri;\">\u00a0<\/span><\/p>\n<p><span style=\"color: #000000; font-family: Calibri;\">\u00a0<a href=\"http:\/\/wsrodnas.pl\/wp-content\/uploads\/2019\/04\/IMG_8111.jpg\" rel=\"lightbox[706]\"><img loading=\"lazy\" decoding=\"async\" class=\"alignnone size-medium wp-image-707\" src=\"http:\/\/wsrodnas.pl\/wp-content\/uploads\/2019\/04\/IMG_8111-300x168.jpg\" alt=\"\" width=\"300\" height=\"168\" srcset=\"https:\/\/wsrodnas.pl\/wp-content\/uploads\/2019\/04\/IMG_8111-300x168.jpg 300w, https:\/\/wsrodnas.pl\/wp-content\/uploads\/2019\/04\/IMG_8111-768x431.jpg 768w, https:\/\/wsrodnas.pl\/wp-content\/uploads\/2019\/04\/IMG_8111-1024x575.jpg 1024w\" sizes=\"(max-width: 300px) 100vw, 300px\" \/><\/a> \u00a0 \u00a0<a href=\"http:\/\/wsrodnas.pl\/wp-content\/uploads\/2019\/04\/IMG_8121.jpg\" rel=\"lightbox[706]\"><img loading=\"lazy\" decoding=\"async\" class=\"alignnone size-medium wp-image-708\" src=\"http:\/\/wsrodnas.pl\/wp-content\/uploads\/2019\/04\/IMG_8121-300x168.jpg\" alt=\"\" width=\"300\" height=\"168\" srcset=\"https:\/\/wsrodnas.pl\/wp-content\/uploads\/2019\/04\/IMG_8121-300x168.jpg 300w, https:\/\/wsrodnas.pl\/wp-content\/uploads\/2019\/04\/IMG_8121-768x431.jpg 768w, https:\/\/wsrodnas.pl\/wp-content\/uploads\/2019\/04\/IMG_8121-1024x575.jpg 1024w\" sizes=\"(max-width: 300px) 100vw, 300px\" \/><\/a><\/span><\/p>\n<p><a href=\"http:\/\/wsrodnas.pl\/wp-content\/uploads\/2019\/04\/IMG_8132.jpg\" rel=\"lightbox[706]\"><img loading=\"lazy\" decoding=\"async\" class=\"alignnone size-medium wp-image-709\" src=\"http:\/\/wsrodnas.pl\/wp-content\/uploads\/2019\/04\/IMG_8132-300x168.jpg\" alt=\"\" width=\"300\" height=\"168\" srcset=\"https:\/\/wsrodnas.pl\/wp-content\/uploads\/2019\/04\/IMG_8132-300x168.jpg 300w, https:\/\/wsrodnas.pl\/wp-content\/uploads\/2019\/04\/IMG_8132-768x431.jpg 768w, https:\/\/wsrodnas.pl\/wp-content\/uploads\/2019\/04\/IMG_8132-1024x575.jpg 1024w\" sizes=\"(max-width: 300px) 100vw, 300px\" \/>\u00a0\u00a0\u00a0\u00a0\u00a0\u00a0\u00a0<\/a><a href=\"http:\/\/wsrodnas.pl\/wp-content\/uploads\/2019\/04\/IMG_8136.jpg\" rel=\"lightbox[706]\"><img loading=\"lazy\" decoding=\"async\" class=\"alignnone size-medium wp-image-710\" src=\"http:\/\/wsrodnas.pl\/wp-content\/uploads\/2019\/04\/IMG_8136-300x168.jpg\" alt=\"\" width=\"300\" height=\"168\" srcset=\"https:\/\/wsrodnas.pl\/wp-content\/uploads\/2019\/04\/IMG_8136-300x168.jpg 300w, https:\/\/wsrodnas.pl\/wp-content\/uploads\/2019\/04\/IMG_8136-768x431.jpg 768w, https:\/\/wsrodnas.pl\/wp-content\/uploads\/2019\/04\/IMG_8136-1024x575.jpg 1024w\" sizes=\"(max-width: 300px) 100vw, 300px\" \/><\/a><\/p>\n<p><a href=\"http:\/\/wsrodnas.pl\/wp-content\/uploads\/2019\/04\/IMG_8197.jpg\" rel=\"lightbox[706]\"><img loading=\"lazy\" decoding=\"async\" class=\"alignnone size-medium wp-image-711\" src=\"http:\/\/wsrodnas.pl\/wp-content\/uploads\/2019\/04\/IMG_8197-300x168.jpg\" alt=\"\" width=\"300\" height=\"168\" srcset=\"https:\/\/wsrodnas.pl\/wp-content\/uploads\/2019\/04\/IMG_8197-300x168.jpg 300w, https:\/\/wsrodnas.pl\/wp-content\/uploads\/2019\/04\/IMG_8197-768x431.jpg 768w, https:\/\/wsrodnas.pl\/wp-content\/uploads\/2019\/04\/IMG_8197-1024x575.jpg 1024w\" sizes=\"(max-width: 300px) 100vw, 300px\" \/><\/a> \u00a0\u00a0<a href=\"http:\/\/wsrodnas.pl\/wp-content\/uploads\/2019\/04\/IMG_8157.jpg\" rel=\"lightbox[706]\"><img loading=\"lazy\" decoding=\"async\" class=\"alignnone size-medium wp-image-712\" src=\"http:\/\/wsrodnas.pl\/wp-content\/uploads\/2019\/04\/IMG_8157-300x168.jpg\" alt=\"\" width=\"300\" height=\"168\" srcset=\"https:\/\/wsrodnas.pl\/wp-content\/uploads\/2019\/04\/IMG_8157-300x168.jpg 300w, https:\/\/wsrodnas.pl\/wp-content\/uploads\/2019\/04\/IMG_8157-768x431.jpg 768w, https:\/\/wsrodnas.pl\/wp-content\/uploads\/2019\/04\/IMG_8157-1024x575.jpg 1024w\" sizes=\"(max-width: 300px) 100vw, 300px\" \/><\/a><\/p>\n","protected":false},"excerpt":{"rendered":"<p>2.04.2019 \u00a0ju\u017c po raz 8 w\u0142\u0105czyli\u015bmy si\u0119 w \u015awiatowy Dzie\u0144 Wiedzy na temat Autyzmu.\u00a0 Inicjatorem akcji by\u0142 Zesp\u00f3\u0142 Szk\u00f3\u0142 Specjalnych w Augustowie wraz ze Stowarzyszeniem Przyjaci\u00f3\u0142 Zespo\u0142u Szk\u00f3\u0142 Specjalnych \u201eW\u015br\u00f3d Nas\u201d w Augustowie. Tegoroczne huczne obchody odbywa\u0142y si\u0119 w ramach realizacji zadania publicznego wsp\u00f3\u0142finansowanego ze \u015brodk\u00f3w Burmistrza Miasta Augustowa \u2013 \u201eRazem poka\u017cemy siebie wi\u0119cej\u201d. Wsparcia [&hellip;]<\/p>\n","protected":false},"author":2,"featured_media":712,"comment_status":"closed","ping_status":"open","sticky":false,"template":"","format":"standard","meta":{"footnotes":""},"categories":[11,4],"tags":[],"_links":{"self":[{"href":"https:\/\/wsrodnas.pl\/index.php?rest_route=\/wp\/v2\/posts\/706"}],"collection":[{"href":"https:\/\/wsrodnas.pl\/index.php?rest_route=\/wp\/v2\/posts"}],"about":[{"href":"https:\/\/wsrodnas.pl\/index.php?rest_route=\/wp\/v2\/types\/post"}],"author":[{"embeddable":true,"href":"https:\/\/wsrodnas.pl\/index.php?rest_route=\/wp\/v2\/users\/2"}],"replies":[{"embeddable":true,"href":"https:\/\/wsrodnas.pl\/index.php?rest_route=%2Fwp%2Fv2%2Fcomments&post=706"}],"version-history":[{"count":1,"href":"https:\/\/wsrodnas.pl\/index.php?rest_route=\/wp\/v2\/posts\/706\/revisions"}],"predecessor-version":[{"id":968,"href":"https:\/\/wsrodnas.pl\/index.php?rest_route=\/wp\/v2\/posts\/706\/revisions\/968"}],"wp:featuredmedia":[{"embeddable":true,"href":"https:\/\/wsrodnas.pl\/index.php?rest_route=\/wp\/v2\/media\/712"}],"wp:attachment":[{"href":"https:\/\/wsrodnas.pl\/index.php?rest_route=%2Fwp%2Fv2%2Fmedia&parent=706"}],"wp:term":[{"taxonomy":"category","embeddable":true,"href":"https:\/\/wsrodnas.pl\/index.php?rest_route=%2Fwp%2Fv2%2Fcategories&post=706"},{"taxonomy":"post_tag","embeddable":true,"href":"https:\/\/wsrodnas.pl\/index.php?rest_route=%2Fwp%2Fv2%2Ftags&post=706"}],"curies":[{"name":"wp","href":"https:\/\/api.w.org\/{rel}","templated":true}]}}