{"id":692,"date":"2019-04-14T15:11:26","date_gmt":"2019-04-14T15:11:26","guid":{"rendered":"http:\/\/wsrodnas.pl\/?p=692"},"modified":"2021-11-29T14:51:44","modified_gmt":"2021-11-29T13:51:44","slug":"z-kopyta-kulig-rwie","status":"publish","type":"post","link":"https:\/\/wsrodnas.pl\/?p=692","title":{"rendered":"Z kopyta kulig rwie"},"content":{"rendered":"<p><span style=\"margin: 0px; color: black; font-family: 'Arial','sans-serif'; font-size: 16pt;\">I tak by\u0142o 7 lutego 2019 roku na o\u015bnie\u017conej trasie w \u017barnowie Pierwszym nieopodal Augustowa. Tego dnia wszyscy uczniowie wraz z nauczycielami uczestniczyli w kuligu. Byli\u015bmy tak liczn\u0105 grup\u0105, \u017ce wioz\u0142y nas trzy zaprz\u0119gi. Nadmieniamy, \u017ce obs\u0142ug\u0119 ogniska, z pe\u0142nym oddaniem i zaanga\u017cowaniem, zapewni\u0142 dyrektor naszej szko\u0142y pan Roman Krzy\u017copolski. Zadba\u0142 o ogie\u0144 bij\u0105cy z ogniska, te\u017c i pyszne, wzorowo wypieczone kie\u0142baski. Ciep\u0142\u0105 herbat\u0105 pocz\u0119stowa\u0142a gospodyni Stadniny. To wydarzenie obfitowa\u0142o tak\u017ce w inne, radosne prze\u017cycia. Zwiedzali\u015bmy stajnie, bawili\u015bmy si\u0119 na \u015bniegu i na placu zabaw.\u00a0 Wsparcie finansowe otrzymali\u015bmy od Stowarzyszenia \u201eW\u015br\u00f3d Nas\u201d. Dzi\u0119kujemy bardzo.<\/span><\/p>\n<p style=\"text-align: right; -webkit-text-stroke-width: 0px; word-spacing: 0px; margin: 8.15pt 0cm 8.15pt 0cm;\" align=\"right\"><span style=\"margin: 0px; color: black; font-family: 'Arial','sans-serif'; font-size: 16pt;\">\u00a0\u00a0\u00a0\u00a0\u00a0\u00a0\u00a0\u00a0\u00a0\u00a0\u00a0\u00a0\u00a0\u00a0\u00a0\u00a0\u00a0\u00a0\u00a0\u00a0\u00a0\u00a0\u00a0\u00a0\u00a0\u00a0\u00a0\u00a0 \u00a0\u00a0\u00a0\u00a0\u00a0\u00a0\u00a0\u00a0\u00a0\u00a0\u00a0\u00a0\u00a0\u00a0\u00a0\u00a0\u00a0\u00a0\u00a0\u00a0\u00a0\u00a0Halina Szulewska,<\/span><\/p>\n<p align=\"right\"><span style=\"margin: 0px; color: black; font-family: 'Arial','sans-serif'; font-size: 16pt;\">\u00a0Monika Adamowicz, <\/span><\/p>\n<p align=\"right\"><span style=\"margin: 0px; color: black; font-family: 'Arial','sans-serif'; font-size: 16pt;\">Beata Augustynowicz<\/span><\/p>\n<p><span style=\"margin: 0px; color: black; font-family: 'Arial','sans-serif'; font-size: 16pt;\">\u00a0<\/span><\/p>\n","protected":false},"excerpt":{"rendered":"<p>I tak by\u0142o 7 lutego 2019 roku na o\u015bnie\u017conej trasie w \u017barnowie Pierwszym nieopodal Augustowa. Tego dnia wszyscy uczniowie wraz z nauczycielami uczestniczyli w kuligu. Byli\u015bmy tak liczn\u0105 grup\u0105, \u017ce wioz\u0142y nas trzy zaprz\u0119gi. Nadmieniamy, \u017ce obs\u0142ug\u0119 ogniska, z pe\u0142nym oddaniem i zaanga\u017cowaniem, zapewni\u0142 dyrektor naszej szko\u0142y pan Roman Krzy\u017copolski. Zadba\u0142 o ogie\u0144 bij\u0105cy z [&hellip;]<\/p>\n","protected":false},"author":2,"featured_media":0,"comment_status":"closed","ping_status":"open","sticky":false,"template":"","format":"standard","meta":{"footnotes":""},"categories":[11,4],"tags":[],"_links":{"self":[{"href":"https:\/\/wsrodnas.pl\/index.php?rest_route=\/wp\/v2\/posts\/692"}],"collection":[{"href":"https:\/\/wsrodnas.pl\/index.php?rest_route=\/wp\/v2\/posts"}],"about":[{"href":"https:\/\/wsrodnas.pl\/index.php?rest_route=\/wp\/v2\/types\/post"}],"author":[{"embeddable":true,"href":"https:\/\/wsrodnas.pl\/index.php?rest_route=\/wp\/v2\/users\/2"}],"replies":[{"embeddable":true,"href":"https:\/\/wsrodnas.pl\/index.php?rest_route=%2Fwp%2Fv2%2Fcomments&post=692"}],"version-history":[{"count":1,"href":"https:\/\/wsrodnas.pl\/index.php?rest_route=\/wp\/v2\/posts\/692\/revisions"}],"predecessor-version":[{"id":971,"href":"https:\/\/wsrodnas.pl\/index.php?rest_route=\/wp\/v2\/posts\/692\/revisions\/971"}],"wp:attachment":[{"href":"https:\/\/wsrodnas.pl\/index.php?rest_route=%2Fwp%2Fv2%2Fmedia&parent=692"}],"wp:term":[{"taxonomy":"category","embeddable":true,"href":"https:\/\/wsrodnas.pl\/index.php?rest_route=%2Fwp%2Fv2%2Fcategories&post=692"},{"taxonomy":"post_tag","embeddable":true,"href":"https:\/\/wsrodnas.pl\/index.php?rest_route=%2Fwp%2Fv2%2Ftags&post=692"}],"curies":[{"name":"wp","href":"https:\/\/api.w.org\/{rel}","templated":true}]}}