{"id":690,"date":"2019-04-14T15:07:44","date_gmt":"2019-04-14T15:07:44","guid":{"rendered":"http:\/\/wsrodnas.pl\/?p=690"},"modified":"2021-11-29T14:51:44","modified_gmt":"2021-11-29T13:51:44","slug":"bal-karnawalowy-3","status":"publish","type":"post","link":"https:\/\/wsrodnas.pl\/?p=690","title":{"rendered":"Bal Karnawa\u0142owy"},"content":{"rendered":"<p><span style=\"margin: 0px; font-family: 'Arial','sans-serif'; font-size: 15pt;\"><a title=\"\u201e Jest mi bardzo mi\u0142o, \u017ce mog\u0119 Was powita\u0107. Jest karnawa\u0142! W karnawale wszyscy urz\u0105dzaj\u0105 bale\u2026\u201d.\" href=\"http:\/\/zssaugustow.pl\/?p=1341\">\u201e Jest mi bardzo mi\u0142o, \u017ce mog\u0119 Was powita\u0107. Jest karnawa\u0142! W karnawale wszyscy urz\u0105dzaj\u0105 bale\u2026\u201d.<\/a><\/span><\/p>\n<p><span style=\"margin: 0px; color: black; font-family: 'Arial','sans-serif'; font-size: 10pt;\">Tak 17.01.2019r. w restauracji \u201eLogos\u201d w Augustowie ucze\u0144 naszej szko\u0142y, Marceli Krajewski, powita\u0142 wszystkich zebranych i rozpocz\u0105\u0142 szkolny bal noworoczny. By\u0142o to \u015bwi\u0119to, w kt\u00f3rym wzi\u0119li udzia\u0142 uczniowie, nauczyciele, rodzice oraz absolwenci szko\u0142y. Dobrej zabawie towarzyszy\u0142a muzyka na \u017cywo, wyst\u0119py taneczne uczni\u00f3w, inscenizacja teatralna w wykonaniu\u00a0naszych \u201eaktor\u00f3w\u201d i oczywi\u015bcie rado\u015b\u0107 wyra\u017cona u\u015bmiechem na wielu twarzach. Promienni, w dobrych nastrojach i w tanecznym kroku sko\u0144czyli\u015bmy pierwszy semestr roku szkolnego i rozpocz\u0119li\u015bmy ferie zimowe. Serdecznie dzi\u0119kujemy za wsparcie finansowe Burmistrzowi Miasta Augustowa, Stowarzyszeniu \u201eW\u015br\u00f3d Nas\u201d i Radzie Rodzic\u00f3w.<\/span><\/p>\n<p><b><span style=\"margin: 0px; color: black; font-family: 'Arial','sans-serif'; font-size: 10pt;\">\u00a0\u00a0Do zobaczenia na nast\u0119pnym balu!<\/span><\/b><\/p>\n<p><span style=\"margin: 0px; color: black; font-family: 'Arial','sans-serif'; font-size: 10pt;\">Halina Szulewska, Ma\u0142gorzata Po\u017aniakowska, Agnieszka Turowska<\/span><\/p>\n<p><a href=\"http:\/\/wsrodnas.pl\/wp-content\/uploads\/2019\/04\/IMG_8102.jpg\" rel=\"lightbox[690]\"><img loading=\"lazy\" decoding=\"async\" class=\"alignnone size-medium wp-image-714\" src=\"http:\/\/wsrodnas.pl\/wp-content\/uploads\/2019\/04\/IMG_8102-300x168.jpg\" alt=\"\" width=\"300\" height=\"168\" srcset=\"https:\/\/wsrodnas.pl\/wp-content\/uploads\/2019\/04\/IMG_8102-300x168.jpg 300w, https:\/\/wsrodnas.pl\/wp-content\/uploads\/2019\/04\/IMG_8102-768x431.jpg 768w, https:\/\/wsrodnas.pl\/wp-content\/uploads\/2019\/04\/IMG_8102-1024x575.jpg 1024w\" sizes=\"(max-width: 300px) 100vw, 300px\" \/><\/a> \u00a0 \u00a0\u00a0<a href=\"http:\/\/wsrodnas.pl\/wp-content\/uploads\/2019\/04\/IMG_8104.jpg\" rel=\"lightbox[690]\"><img loading=\"lazy\" decoding=\"async\" class=\"alignnone size-medium wp-image-715\" src=\"http:\/\/wsrodnas.pl\/wp-content\/uploads\/2019\/04\/IMG_8104-300x168.jpg\" alt=\"\" width=\"300\" height=\"168\" srcset=\"https:\/\/wsrodnas.pl\/wp-content\/uploads\/2019\/04\/IMG_8104-300x168.jpg 300w, https:\/\/wsrodnas.pl\/wp-content\/uploads\/2019\/04\/IMG_8104-768x431.jpg 768w, https:\/\/wsrodnas.pl\/wp-content\/uploads\/2019\/04\/IMG_8104-1024x575.jpg 1024w\" sizes=\"(max-width: 300px) 100vw, 300px\" \/><\/a><\/p>\n<p><a href=\"http:\/\/wsrodnas.pl\/wp-content\/uploads\/2019\/04\/IMG_8103.jpg\" rel=\"lightbox[690]\"><img loading=\"lazy\" decoding=\"async\" class=\"alignnone size-medium wp-image-717\" src=\"http:\/\/wsrodnas.pl\/wp-content\/uploads\/2019\/04\/IMG_8103-300x168.jpg\" alt=\"\" width=\"300\" height=\"168\" srcset=\"https:\/\/wsrodnas.pl\/wp-content\/uploads\/2019\/04\/IMG_8103-300x168.jpg 300w, https:\/\/wsrodnas.pl\/wp-content\/uploads\/2019\/04\/IMG_8103-768x431.jpg 768w, https:\/\/wsrodnas.pl\/wp-content\/uploads\/2019\/04\/IMG_8103-1024x575.jpg 1024w\" sizes=\"(max-width: 300px) 100vw, 300px\" \/><\/a><a href=\"http:\/\/wsrodnas.pl\/wp-content\/uploads\/2019\/04\/IMG_8107.jpg\" rel=\"lightbox[690]\"> \u00a0 \u00a0\u00a0 <img loading=\"lazy\" decoding=\"async\" class=\"alignnone size-medium wp-image-718\" src=\"http:\/\/wsrodnas.pl\/wp-content\/uploads\/2019\/04\/IMG_8107-300x168.jpg\" alt=\"\" width=\"300\" height=\"168\" srcset=\"https:\/\/wsrodnas.pl\/wp-content\/uploads\/2019\/04\/IMG_8107-300x168.jpg 300w, https:\/\/wsrodnas.pl\/wp-content\/uploads\/2019\/04\/IMG_8107-768x431.jpg 768w, https:\/\/wsrodnas.pl\/wp-content\/uploads\/2019\/04\/IMG_8107-1024x575.jpg 1024w\" sizes=\"(max-width: 300px) 100vw, 300px\" \/>\u00a0\u00a0\u00a0<\/a><\/p>\n<p><a href=\"http:\/\/wsrodnas.pl\/wp-content\/uploads\/2019\/04\/IMG_8109.jpg\" rel=\"lightbox[690]\"><img loading=\"lazy\" decoding=\"async\" class=\"alignnone size-medium wp-image-719\" src=\"http:\/\/wsrodnas.pl\/wp-content\/uploads\/2019\/04\/IMG_8109-300x168.jpg\" alt=\"\" width=\"300\" height=\"168\" srcset=\"https:\/\/wsrodnas.pl\/wp-content\/uploads\/2019\/04\/IMG_8109-300x168.jpg 300w, https:\/\/wsrodnas.pl\/wp-content\/uploads\/2019\/04\/IMG_8109-768x431.jpg 768w, https:\/\/wsrodnas.pl\/wp-content\/uploads\/2019\/04\/IMG_8109-1024x575.jpg 1024w\" sizes=\"(max-width: 300px) 100vw, 300px\" \/><\/a> \u00a0\u00a0<a href=\"http:\/\/wsrodnas.pl\/wp-content\/uploads\/2019\/04\/IMG_8105.jpg\" rel=\"lightbox[690]\"><img loading=\"lazy\" decoding=\"async\" class=\"alignnone size-medium wp-image-720\" src=\"http:\/\/wsrodnas.pl\/wp-content\/uploads\/2019\/04\/IMG_8105-300x168.jpg\" alt=\"\" width=\"300\" height=\"168\" srcset=\"https:\/\/wsrodnas.pl\/wp-content\/uploads\/2019\/04\/IMG_8105-300x168.jpg 300w, https:\/\/wsrodnas.pl\/wp-content\/uploads\/2019\/04\/IMG_8105-768x431.jpg 768w, https:\/\/wsrodnas.pl\/wp-content\/uploads\/2019\/04\/IMG_8105-1024x575.jpg 1024w\" sizes=\"(max-width: 300px) 100vw, 300px\" \/><\/a><\/p>\n<p>&nbsp;<\/p>\n","protected":false},"excerpt":{"rendered":"<p>\u201e Jest mi bardzo mi\u0142o, \u017ce mog\u0119 Was powita\u0107. Jest karnawa\u0142! W karnawale wszyscy urz\u0105dzaj\u0105 bale\u2026\u201d. Tak 17.01.2019r. w restauracji \u201eLogos\u201d w Augustowie ucze\u0144 naszej szko\u0142y, Marceli Krajewski, powita\u0142 wszystkich zebranych i rozpocz\u0105\u0142 szkolny bal noworoczny. By\u0142o to \u015bwi\u0119to, w kt\u00f3rym wzi\u0119li udzia\u0142 uczniowie, nauczyciele, rodzice oraz absolwenci szko\u0142y. Dobrej zabawie towarzyszy\u0142a muzyka na \u017cywo, [&hellip;]<\/p>\n","protected":false},"author":2,"featured_media":718,"comment_status":"closed","ping_status":"open","sticky":false,"template":"","format":"standard","meta":{"footnotes":""},"categories":[11,4],"tags":[],"_links":{"self":[{"href":"https:\/\/wsrodnas.pl\/index.php?rest_route=\/wp\/v2\/posts\/690"}],"collection":[{"href":"https:\/\/wsrodnas.pl\/index.php?rest_route=\/wp\/v2\/posts"}],"about":[{"href":"https:\/\/wsrodnas.pl\/index.php?rest_route=\/wp\/v2\/types\/post"}],"author":[{"embeddable":true,"href":"https:\/\/wsrodnas.pl\/index.php?rest_route=\/wp\/v2\/users\/2"}],"replies":[{"embeddable":true,"href":"https:\/\/wsrodnas.pl\/index.php?rest_route=%2Fwp%2Fv2%2Fcomments&post=690"}],"version-history":[{"count":1,"href":"https:\/\/wsrodnas.pl\/index.php?rest_route=\/wp\/v2\/posts\/690\/revisions"}],"predecessor-version":[{"id":972,"href":"https:\/\/wsrodnas.pl\/index.php?rest_route=\/wp\/v2\/posts\/690\/revisions\/972"}],"wp:featuredmedia":[{"embeddable":true,"href":"https:\/\/wsrodnas.pl\/index.php?rest_route=\/wp\/v2\/media\/718"}],"wp:attachment":[{"href":"https:\/\/wsrodnas.pl\/index.php?rest_route=%2Fwp%2Fv2%2Fmedia&parent=690"}],"wp:term":[{"taxonomy":"category","embeddable":true,"href":"https:\/\/wsrodnas.pl\/index.php?rest_route=%2Fwp%2Fv2%2Fcategories&post=690"},{"taxonomy":"post_tag","embeddable":true,"href":"https:\/\/wsrodnas.pl\/index.php?rest_route=%2Fwp%2Fv2%2Ftags&post=690"}],"curies":[{"name":"wp","href":"https:\/\/api.w.org\/{rel}","templated":true}]}}