{"id":685,"date":"2019-01-01T15:19:46","date_gmt":"2019-01-01T15:19:46","guid":{"rendered":"http:\/\/wsrodnas.pl\/?p=685"},"modified":"2021-11-29T14:51:44","modified_gmt":"2021-11-29T13:51:44","slug":"zyczenia-noworoczne-2","status":"publish","type":"post","link":"https:\/\/wsrodnas.pl\/?p=685","title":{"rendered":"\u017byczenia Noworoczne"},"content":{"rendered":"<p><a href=\"http:\/\/wsrodnas.pl\/wp-content\/uploads\/2019\/01\/tapeta-noworoczne-zyczenia-11.jpg\" rel=\"lightbox[685]\"><img loading=\"lazy\" decoding=\"async\" class=\"size-medium wp-image-686 aligncenter\" src=\"http:\/\/wsrodnas.pl\/wp-content\/uploads\/2019\/01\/tapeta-noworoczne-zyczenia-11-300x176.jpg\" alt=\"\" width=\"300\" height=\"176\" srcset=\"https:\/\/wsrodnas.pl\/wp-content\/uploads\/2019\/01\/tapeta-noworoczne-zyczenia-11-300x176.jpg 300w, https:\/\/wsrodnas.pl\/wp-content\/uploads\/2019\/01\/tapeta-noworoczne-zyczenia-11-768x451.jpg 768w, https:\/\/wsrodnas.pl\/wp-content\/uploads\/2019\/01\/tapeta-noworoczne-zyczenia-11-1024x602.jpg 1024w, https:\/\/wsrodnas.pl\/wp-content\/uploads\/2019\/01\/tapeta-noworoczne-zyczenia-11.jpg 2048w\" sizes=\"(max-width: 300px) 100vw, 300px\" \/><\/a><\/p>\n<p>Z okazji Nowego 2019 Roku wszystkim naszym podopiecznym, ich rodzinom, cz\u0142onkom Stowarzyszenia oraz naszym przyjacio\u0142om i darczy\u0144com \u017cyczymy du\u017co zdrowia, szcz\u0119\u015bcia, spe\u0142nienia marze\u0144, niegasn\u0105cej nadziei oraz mn\u00f3stwa fantastycznych przyg\u00f3d. Niech ka\u017cdy dzie\u0144 przynosi dobro, rado\u015b\u0107 oraz spe\u0142nienie.<\/p>\n<p style=\"text-align: right;\">\u017byczy Zarz\u0105d Stowarzyszenia<\/p>\n","protected":false},"excerpt":{"rendered":"<p>Z okazji Nowego 2019 Roku wszystkim naszym podopiecznym, ich rodzinom, cz\u0142onkom Stowarzyszenia oraz naszym przyjacio\u0142om i darczy\u0144com \u017cyczymy du\u017co zdrowia, szcz\u0119\u015bcia, spe\u0142nienia marze\u0144, niegasn\u0105cej nadziei oraz mn\u00f3stwa fantastycznych przyg\u00f3d. Niech ka\u017cdy dzie\u0144 przynosi dobro, rado\u015b\u0107 oraz spe\u0142nienie. \u017byczy Zarz\u0105d Stowarzyszenia<\/p>\n","protected":false},"author":2,"featured_media":686,"comment_status":"closed","ping_status":"open","sticky":false,"template":"","format":"standard","meta":{"footnotes":""},"categories":[11,1,4],"tags":[],"_links":{"self":[{"href":"https:\/\/wsrodnas.pl\/index.php?rest_route=\/wp\/v2\/posts\/685"}],"collection":[{"href":"https:\/\/wsrodnas.pl\/index.php?rest_route=\/wp\/v2\/posts"}],"about":[{"href":"https:\/\/wsrodnas.pl\/index.php?rest_route=\/wp\/v2\/types\/post"}],"author":[{"embeddable":true,"href":"https:\/\/wsrodnas.pl\/index.php?rest_route=\/wp\/v2\/users\/2"}],"replies":[{"embeddable":true,"href":"https:\/\/wsrodnas.pl\/index.php?rest_route=%2Fwp%2Fv2%2Fcomments&post=685"}],"version-history":[{"count":1,"href":"https:\/\/wsrodnas.pl\/index.php?rest_route=\/wp\/v2\/posts\/685\/revisions"}],"predecessor-version":[{"id":973,"href":"https:\/\/wsrodnas.pl\/index.php?rest_route=\/wp\/v2\/posts\/685\/revisions\/973"}],"wp:featuredmedia":[{"embeddable":true,"href":"https:\/\/wsrodnas.pl\/index.php?rest_route=\/wp\/v2\/media\/686"}],"wp:attachment":[{"href":"https:\/\/wsrodnas.pl\/index.php?rest_route=%2Fwp%2Fv2%2Fmedia&parent=685"}],"wp:term":[{"taxonomy":"category","embeddable":true,"href":"https:\/\/wsrodnas.pl\/index.php?rest_route=%2Fwp%2Fv2%2Fcategories&post=685"},{"taxonomy":"post_tag","embeddable":true,"href":"https:\/\/wsrodnas.pl\/index.php?rest_route=%2Fwp%2Fv2%2Ftags&post=685"}],"curies":[{"name":"wp","href":"https:\/\/api.w.org\/{rel}","templated":true}]}}