{"id":683,"date":"2019-01-01T15:12:25","date_gmt":"2019-01-01T15:12:25","guid":{"rendered":"http:\/\/wsrodnas.pl\/?p=683"},"modified":"2021-11-29T14:51:44","modified_gmt":"2021-11-29T13:51:44","slug":"miedzynarodowy-dzien-osob-niepelnosprawnych-2","status":"publish","type":"post","link":"https:\/\/wsrodnas.pl\/?p=683","title":{"rendered":"Mi\u0119dzynarodowy Dzie\u0144 Os\u00f3b Niepe\u0142nosprawnych"},"content":{"rendered":"<p><span style=\"margin: 0px; color: black; line-height: 115%; font-family: 'Times New Roman','serif'; font-size: 12pt;\">3.12.2018r. w Augustowskim Centrum Edukacyjnym obchodzony by\u0142 \u015awiatowy Dzie\u0144 Os\u00f3b Niepe\u0142nosprawnych ustanowiony przez Zgromadzenie Og\u00f3lne ONZ w 1992 roku. Uroczysto\u015b\u0107 zorganizowa\u0142 Zesp\u00f3\u0142 Szk\u00f3\u0142 Specjalnych w Augustowie we wsp\u00f3\u0142pracy ze Stowarzyszeniem Przyjaci\u00f3\u0142 Szk\u00f3\u0142 Specjalnych \u201eW\u015br\u00f3d Nas\u201d pod honorowym patronatem Starosty Augustowskiego Jaros\u0142awa Szlaszy\u0144skiego.<\/span><br style=\"-webkit-text-stroke-width: 0px; word-spacing: 0px;\" \/><span style=\"font-family: Calibri;\"><span style=\"color: #000000;\">Celem spotkania by\u0142a integracja lokalnego \u015brodowiska os\u00f3b niepe\u0142nosprawnych oraz zaprezentowanie ich tw\u00f3rczo\u015bci i zainteresowa\u0144. G\u0142\u00f3wne przes\u0142anie uroczysto\u015bci w roku obchod\u00f3w 100- lecia odzyskania niepodleg\u0142o\u015bci przez Polsk\u0119 brzmia\u0142o:\u201d \u0141\u0105czy nas tak wiele\u201d, rozumiane jako wsp\u00f3lne korzenie, wsp\u00f3ln\u0105 to\u017csamo\u015b\u0107 narodow\u0105, mi\u0142o\u015b\u0107 do Ojczyzny, zar\u00f3wno tej du\u017cej, jak i tej ma\u0142ej, lokalnej, dotycz\u0105c\u0105 w tym samym stopniu wszystkich Polak\u00f3w.<br style=\"-webkit-text-stroke-width: 0px; word-spacing: 0px;\" \/>Uroczysto\u015b\u0107 zgromadzi\u0142a licznych go\u015bci: przedstawicieli Starostwa Powiatowego w Augustowie, Kuratorium O\u015bwiaty w Bia\u0142ymstoku, dyrektor\u00f3w augustowskich plac\u00f3wek edukacyjnych oraz nauczycieli i liczn\u0105 grup\u0119 m\u0142odzie\u017cy.<br style=\"-webkit-text-stroke-width: 0px; word-spacing: 0px;\" \/>Promowaniu pi\u0119kna naszej Ojczyzny oraz szerzeniu wiedzy na Jej temat s\u0142u\u017cy\u0142 turniej \u201eNasza ma\u0142a Ojczyzna\u201d. Wzi\u0119\u0142y w nim udzia\u0142 osoby niepe\u0142nosprawne z plac\u00f3wek edukacyjnych i rehabilitacyjnych naszego regionu: Niepublicznego Gimnazjum \u201eProlog\u201d i Terapeutycznej Szko\u0142y Podstawowej \u201eBajka\u201d w Suwa\u0142kach oraz Warsztat\u00f3w Terapii Zaj\u0119ciowej, \u015arodowiskowego Domu Samopomocy i Zespo\u0142u Szk\u00f3\u0142 Specjalnych w Augustowie. Rywalizacja by\u0142a wyr\u00f3wnana i dostarczy\u0142a zar\u00f3wno uczestnikom jak kibicom wielu emocji. W cz\u0119\u015bci artystycznej uczestnicy turnieju zaprezentowali piosenki patriotyczne oraz promuj\u0105ce swoje miasto np. znane wszystkim \u201eAugustowskie noce\u201d czy \u201eHej Mazury\u201d.<br style=\"-webkit-text-stroke-width: 0px; word-spacing: 0px;\" \/>Go\u015bcinnie polskie ta\u0144ce narodowe zaprezentowa\u0142y mieszkanki Domu Pomocy Spo\u0142ecznej w Augustowie, a najm\u0142odsi wykonawcy- dzieci z Przedszkola nr 3- za\u015bpiewa\u0142y min. piosenk\u0119 \u201eJeste\u015bmy Polk\u0105 i Polakiem\u201d.<br style=\"-webkit-text-stroke-width: 0px; word-spacing: 0px;\" \/>Uroczysto\u015b\u0107 u\u015bwietni\u0142 znany i wielokrotnie nagradzany Zesp\u00f3\u0142 Ta\u0144ca Ludowego \u201eBystry\u201d wykonuj\u0105c wi\u0105zank\u0119 augustowskich ta\u0144c\u00f3w ludowych. Muzyka, \u017cywio\u0142owo\u015b\u0107 i pi\u0119kne stroje tancerzy wywar\u0142y du\u017ce wra\u017cenie na uczestnikach i go\u015bciach.<br style=\"-webkit-text-stroke-width: 0px; word-spacing: 0px;\" \/>Smakowite przek\u0105ski dla uczestnik\u00f3w go\u015bci spotkania przygotowa\u0142a m\u0142odzie\u017c z klasy gastronomicznej integracyjnej Zespo\u0142u Szk\u00f3l Technicznych w Augustowie. W trakcie uroczysto\u015bci podsumowany zosta\u0142 konkurs plastyczny \u201eAktywni w nauce, terapii i rehabilitacji\u201d organizowany przez Fundacj\u0119 Pomocy Zdrowiu \u201eHarmonia\u201d w ramach zadania publicznego wsp\u00f3\u0142finansowanego ze \u015brodk\u00f3w PEFRON z ROPS w Bia\u0142ymstoku.<br style=\"-webkit-text-stroke-width: 0px; word-spacing: 0px;\" \/>Obchody \u015awiatowego Dnia Os\u00f3b Niepe\u0142nosprawnych odbywa\u0142y si\u0119 w ramach realizacji zadania publicznego realizowanego przez Stowarzyszenie Przyjaci\u00f3\u0142 Zespo\u0142u Szk\u00f3\u0142 Specjalnych \u201dW\u015br\u00f3d Nas\u201d- \u201eB\u0105d\u017amy razem- z niebieskimi i sprawnymi inaczej\u201d wsp\u00f3\u0142finansowanego przez Burmistrza Miasta Augustowa oraz wsparciu finansowemu Zarz\u0105du Powiatu, Rady Rodzic\u00f3w ZSS , Fundacji Pomocy zdrowiu \u201eHarmonia\u201d.<\/span><\/span><\/p>\n","protected":false},"excerpt":{"rendered":"<p>3.12.2018r. w Augustowskim Centrum Edukacyjnym obchodzony by\u0142 \u015awiatowy Dzie\u0144 Os\u00f3b Niepe\u0142nosprawnych ustanowiony przez Zgromadzenie Og\u00f3lne ONZ w 1992 roku. Uroczysto\u015b\u0107 zorganizowa\u0142 Zesp\u00f3\u0142 Szk\u00f3\u0142 Specjalnych w Augustowie we wsp\u00f3\u0142pracy ze Stowarzyszeniem Przyjaci\u00f3\u0142 Szk\u00f3\u0142 Specjalnych \u201eW\u015br\u00f3d Nas\u201d pod honorowym patronatem Starosty Augustowskiego Jaros\u0142awa Szlaszy\u0144skiego.Celem spotkania by\u0142a integracja lokalnego \u015brodowiska os\u00f3b niepe\u0142nosprawnych oraz zaprezentowanie ich tw\u00f3rczo\u015bci i zainteresowa\u0144. [&hellip;]<\/p>\n","protected":false},"author":2,"featured_media":0,"comment_status":"closed","ping_status":"open","sticky":false,"template":"","format":"standard","meta":{"footnotes":""},"categories":[11,4],"tags":[],"_links":{"self":[{"href":"https:\/\/wsrodnas.pl\/index.php?rest_route=\/wp\/v2\/posts\/683"}],"collection":[{"href":"https:\/\/wsrodnas.pl\/index.php?rest_route=\/wp\/v2\/posts"}],"about":[{"href":"https:\/\/wsrodnas.pl\/index.php?rest_route=\/wp\/v2\/types\/post"}],"author":[{"embeddable":true,"href":"https:\/\/wsrodnas.pl\/index.php?rest_route=\/wp\/v2\/users\/2"}],"replies":[{"embeddable":true,"href":"https:\/\/wsrodnas.pl\/index.php?rest_route=%2Fwp%2Fv2%2Fcomments&post=683"}],"version-history":[{"count":1,"href":"https:\/\/wsrodnas.pl\/index.php?rest_route=\/wp\/v2\/posts\/683\/revisions"}],"predecessor-version":[{"id":974,"href":"https:\/\/wsrodnas.pl\/index.php?rest_route=\/wp\/v2\/posts\/683\/revisions\/974"}],"wp:attachment":[{"href":"https:\/\/wsrodnas.pl\/index.php?rest_route=%2Fwp%2Fv2%2Fmedia&parent=683"}],"wp:term":[{"taxonomy":"category","embeddable":true,"href":"https:\/\/wsrodnas.pl\/index.php?rest_route=%2Fwp%2Fv2%2Fcategories&post=683"},{"taxonomy":"post_tag","embeddable":true,"href":"https:\/\/wsrodnas.pl\/index.php?rest_route=%2Fwp%2Fv2%2Ftags&post=683"}],"curies":[{"name":"wp","href":"https:\/\/api.w.org\/{rel}","templated":true}]}}