{"id":681,"date":"2019-01-01T15:08:24","date_gmt":"2019-01-01T15:08:24","guid":{"rendered":"http:\/\/wsrodnas.pl\/?p=681"},"modified":"2021-11-29T14:51:44","modified_gmt":"2021-11-29T13:51:44","slug":"pasowanie-na-ucznia","status":"publish","type":"post","link":"https:\/\/wsrodnas.pl\/?p=681","title":{"rendered":"Pasowanie na ucznia"},"content":{"rendered":"<p>Dnia 14 listopada 2018r w naszej szkole odby\u0142a\u00a0 si\u0119 uroczysto\u015b\u0107 z okazji stulecia odzyskania niepodleglo\u015bci oraz \u015blubowania i pasowania nowych uczni\u00f3w. W go\u015bcinnych progach bursy mi\u0119dzyszkolnej ( w sali teatralnej) zgromadzi\u0142a si\u0119 ca\u0142a spo\u0142eczno\u015b\u0107 Zespo\u0142u Szk\u00f3\u0142 Specjalnych: uczniowie, pracownicy, rodzice i go\u015bcie. Swoj\u0105 obecno\u015bci\u0105 zaszczycili nas mi\u0119dzy innymi pani starosta Katarzyna Beata Sturgulewska, pani naczelnik Bo\u017cenna Kondracka, dyrektor bursy mi\u0119dzyszkolnej pan Jaros\u0142aw Kwiecie\u0144, komendant OHP Adam Siedlecki. Podopieczni pana komendanta i wychowawcy Dariusza Tomczyka wsparli jako wolontariusze organizacj\u0119 naszej akademii. Szczeg\u00f3lnie by\u0142o nam mi\u0142o go\u015bci\u0107 uczestnik\u00f3w \u015arodowiskowego Domu Samopomocy oraz uczni\u00f3w klasy pierwszej szko\u0142y podstawowej nr 4.<br \/>\nUroczysto\u015b\u0107 rozpocz\u0119\u0142a si\u0119 w bardzo podnios\u0142ym nastroju od\u015bpiewaniem hymnu.<strong> Nast\u0119pnie odby\u0142o si\u0119 \u015blubowanie i pasowanie nowych\u00a0 uczni\u00f3w, pami\u0105tkowe dyplomy i drobne upominki ufundowa\u0142o Stowarzyszenie Przyjaci\u00f3\u0142 Zespo\u0142u Szk\u00f3\u0142 Specjalnych &#8222;W\u015br\u00f3d Nas&#8221;.\u00a0<\/strong> Po cz\u0119\u015bci oficjalnej m\u0142odzie\u017c naszej szko\u0142y wraz z wolontariuszami przedstawi\u0142a inscenizacj\u0119 pt. Poci\u0105g do wolno\u015bci.\u00a0 Na scenie pojawi\u0142y si\u0119 r\u00f3\u017cne postaci z historii Polski w scenerii dworca kolejowego. Przedstawieniu towarzyszy\u0142a prezentacja multimedialna. Ca\u0142o\u015b\u0107 przygotowa\u0142a m\u0142odzie\u017c gimnazjum i SPDP wraz z wolontariuszami OHP pod kierunkiem pani Kasi Nied\u017awieckiej, Kasi Kasjanowicz i Uli Cioch. Prezentacj\u0119 zmontowala pani Monika Adamowicz, opraw\u0119 muzyczn\u0105 pani Maja G\u0142adyszewska, scenografi\u0119 Zbigniew Zadro\u017cny, kostiumy pani Bo\u017cena Andruszkiewicz. Cz\u0119\u015b\u0107 oficjaln\u0105 wraz z uczniami przygotowa\u0142y panie Beata Augustynowicz i Iwona Bagi\u0144ska. Nad nag\u0142o\u015bnieniem czuwa\u0142 pan Piotr Wencewicz. Po inscenizacji wszyscy zgromadzeni zostali w\u0142aczeni do akcji Sto flag na sto lat niepodleg\u0142o\u015bci naszej ojczyzny.<\/p>\n<p>&nbsp;<\/p>\n","protected":false},"excerpt":{"rendered":"<p>Dnia 14 listopada 2018r w naszej szkole odby\u0142a\u00a0 si\u0119 uroczysto\u015b\u0107 z okazji stulecia odzyskania niepodleglo\u015bci oraz \u015blubowania i pasowania nowych uczni\u00f3w. W go\u015bcinnych progach bursy mi\u0119dzyszkolnej ( w sali teatralnej) zgromadzi\u0142a si\u0119 ca\u0142a spo\u0142eczno\u015b\u0107 Zespo\u0142u Szk\u00f3\u0142 Specjalnych: uczniowie, pracownicy, rodzice i go\u015bcie. Swoj\u0105 obecno\u015bci\u0105 zaszczycili nas mi\u0119dzy innymi pani starosta Katarzyna Beata Sturgulewska, pani naczelnik [&hellip;]<\/p>\n","protected":false},"author":2,"featured_media":0,"comment_status":"closed","ping_status":"open","sticky":false,"template":"","format":"standard","meta":{"footnotes":""},"categories":[11,4],"tags":[],"_links":{"self":[{"href":"https:\/\/wsrodnas.pl\/index.php?rest_route=\/wp\/v2\/posts\/681"}],"collection":[{"href":"https:\/\/wsrodnas.pl\/index.php?rest_route=\/wp\/v2\/posts"}],"about":[{"href":"https:\/\/wsrodnas.pl\/index.php?rest_route=\/wp\/v2\/types\/post"}],"author":[{"embeddable":true,"href":"https:\/\/wsrodnas.pl\/index.php?rest_route=\/wp\/v2\/users\/2"}],"replies":[{"embeddable":true,"href":"https:\/\/wsrodnas.pl\/index.php?rest_route=%2Fwp%2Fv2%2Fcomments&post=681"}],"version-history":[{"count":1,"href":"https:\/\/wsrodnas.pl\/index.php?rest_route=\/wp\/v2\/posts\/681\/revisions"}],"predecessor-version":[{"id":975,"href":"https:\/\/wsrodnas.pl\/index.php?rest_route=\/wp\/v2\/posts\/681\/revisions\/975"}],"wp:attachment":[{"href":"https:\/\/wsrodnas.pl\/index.php?rest_route=%2Fwp%2Fv2%2Fmedia&parent=681"}],"wp:term":[{"taxonomy":"category","embeddable":true,"href":"https:\/\/wsrodnas.pl\/index.php?rest_route=%2Fwp%2Fv2%2Fcategories&post=681"},{"taxonomy":"post_tag","embeddable":true,"href":"https:\/\/wsrodnas.pl\/index.php?rest_route=%2Fwp%2Fv2%2Ftags&post=681"}],"curies":[{"name":"wp","href":"https:\/\/api.w.org\/{rel}","templated":true}]}}