{"id":669,"date":"2019-01-01T14:47:24","date_gmt":"2019-01-01T14:47:24","guid":{"rendered":"http:\/\/wsrodnas.pl\/?p=669"},"modified":"2021-11-29T14:51:44","modified_gmt":"2021-11-29T13:51:44","slug":"dzien-dziecka-2","status":"publish","type":"post","link":"https:\/\/wsrodnas.pl\/?p=669","title":{"rendered":"Dzie\u0144 Dziecka"},"content":{"rendered":"<p><span style=\"margin: 0px; color: black; font-family: '&amp;quot','serif'; font-size: 14pt;\">Jak maj to i maj\u00f3wka, a pogoda w tym roku pi\u0119kna i sprzyjaj\u0105ca zabawom na \u015bwie\u017cym powietrzu. Korzystaj\u0105c wi\u0119c z tak pi\u0119knej <\/span><span style=\"margin: 0px; color: black; font-family: 'Calibri','sans-serif'; font-size: 14pt;\">aury<span style=\"margin: 0px; color: black; font-family: '&amp;quot','serif'; font-size: 14pt;\"> 28 maja ca\u0142a spo\u0142eczno\u015b\u0107 Zespo\u0142u Szk\u00f3\u0142 Specjalnych wraz z rodzicami i opiekunami wyruszy\u0142a na \u0142ono natury aby \u015bwi\u0119towa\u0107 Dzie\u0144 Rodzica\/Opiekuna oraz Dzie\u0144 Dziecka. Do wsp\u00f3lnej zabawy do\u0142\u0105czy\u0142y tak\u017ce pensjonariuszki z Domu Pomocy Spo\u0142ecznej w Studzienicznej. <\/span><\/span><\/p>\n<p style=\"margin: 0cm; margin-bottom: .0001pt; text-align: justify; -webkit-text-stroke-width: 0px; word-spacing: 0px;\"><span style=\"margin: 0px; color: black; font-family: '&amp;quot','serif'; font-size: 14pt;\">Dzie\u0144 obfitowa\u0142 w atrakcje. Najpierw najstarsi uczniowie zaprosili wszystkich na spektakl kukie\u0142kowy w humorystyczny spos\u00f3b przedstawiaj\u0105cy rodzinne relacje. Lalki do przedstawienia wykonane zosta\u0142y w ramach wsp\u00f3\u0142pracy mi\u0119dzy pracowniami przysposabiaj\u0105cymi do pracy. <\/span><\/p>\n<p style=\"margin: 0cm; margin-bottom: .0001pt; text-align: justify; -webkit-text-stroke-width: 0px; word-spacing: 0px;\"><span style=\"margin: 0px; color: black; font-family: '&amp;quot','serif'; font-size: 14pt;\">Nast\u0119pnie wyruszyli\u015bmy do P\u0142ociczna, gdzie korzystaj\u0105c z kolejki w\u0105skotorowej udali\u015bmy si\u0119 na wycieczk\u0119 po Wigierskim Parku Narodowym i Puszczy Augustowskiej. Podczas przerw w podr\u00f3\u017cy podziwiali\u015bmy uroki jeziora Wigry. W doskona\u0142ych humorach dotarli\u015bmy do ostatniego przystanku \u2013 Zielonej Karczmy Krusznik. Tu rozpocz\u0119\u0142a si\u0119 zabawa, podczas kt\u00f3rej mo\u017cna by\u0142o posili\u0107 si\u0119 kie\u0142bask\u0105 z grilla, pocz\u0119stowa\u0107 czym\u015b s\u0142odkim i pota\u0144czy\u0107. Panowa\u0142a prawdziwie sielska atmosfera, jaka powinna zawsze towarzyszy\u0107 maj\u00f3wce.<\/span><\/p>\n<p style=\"margin: 0cm; margin-bottom: .0001pt; text-align: justify; -webkit-text-stroke-width: 0px; word-spacing: 0px;\"><span style=\"margin: 0px; color: black; font-family: '&amp;quot','serif'; font-size: 14pt;\">Do\u0142\u0105czy\u0142a do nas tak\u017ce Pani Wicestarosta \u2013 Katarzyna Beata Sturgulewska, przywo\u017c\u0105c ze sob\u0105 s\u0142odki prezent.<\/span><\/p>\n<p style=\"margin: 0cm; margin-bottom: .0001pt; text-align: justify; -webkit-text-stroke-width: 0px; word-spacing: 0px;\"><span style=\"background: white; margin: 0px; color: black; font-family: '&amp;quot','serif'; font-size: 14pt;\">Dzie\u0144 naprawd\u0119 by\u0142 wspania\u0142y. Ca\u0142e przedsi\u0119wzi\u0119cie, kt\u00f3rego organizatorem by\u0142 Zesp\u00f3\u0142 Szk\u00f3\u0142 Specjalnych nie uda\u0142oby si\u0119 bez zaanga\u017cowania, mentalnego i finansowego wsparcia Pana Starosty Jaros\u0142awa Szlaszy\u0144skiego wraz z Zarz\u0105dem Rady Powiatu Augustowskiego, Rady Rodzic\u00f3w oraz Stowarzyszenia Przyjaci\u00f3\u0142 Zespo\u0142u Szk\u00f3\u0142 Specjalnych \u201eW\u015br\u00f3d Nas\u201d. Wykorzystane tak\u017ce zosta\u0142y \u015brodki finansowe pozyskane przez szko\u0142\u0119 poprzez sprzeda\u017c wyrob\u00f3w dekoracyjnych, kt\u00f3re powsta\u0142y w pracowniach <\/span><span style=\"margin: 0px; color: black; font-family: '&amp;quot','serif'; font-size: 14pt;\">przysposabiaj\u0105cymi do pracy.<\/span><\/p>\n<p><span style=\"color: #000000; font-family: Calibri;\">\u00a0<\/span><\/p>\n","protected":false},"excerpt":{"rendered":"<p>Jak maj to i maj\u00f3wka, a pogoda w tym roku pi\u0119kna i sprzyjaj\u0105ca zabawom na \u015bwie\u017cym powietrzu. Korzystaj\u0105c wi\u0119c z tak pi\u0119knej aury 28 maja ca\u0142a spo\u0142eczno\u015b\u0107 Zespo\u0142u Szk\u00f3\u0142 Specjalnych wraz z rodzicami i opiekunami wyruszy\u0142a na \u0142ono natury aby \u015bwi\u0119towa\u0107 Dzie\u0144 Rodzica\/Opiekuna oraz Dzie\u0144 Dziecka. Do wsp\u00f3lnej zabawy do\u0142\u0105czy\u0142y tak\u017ce pensjonariuszki z Domu Pomocy [&hellip;]<\/p>\n","protected":false},"author":2,"featured_media":0,"comment_status":"closed","ping_status":"open","sticky":false,"template":"","format":"standard","meta":{"footnotes":""},"categories":[11,4],"tags":[],"_links":{"self":[{"href":"https:\/\/wsrodnas.pl\/index.php?rest_route=\/wp\/v2\/posts\/669"}],"collection":[{"href":"https:\/\/wsrodnas.pl\/index.php?rest_route=\/wp\/v2\/posts"}],"about":[{"href":"https:\/\/wsrodnas.pl\/index.php?rest_route=\/wp\/v2\/types\/post"}],"author":[{"embeddable":true,"href":"https:\/\/wsrodnas.pl\/index.php?rest_route=\/wp\/v2\/users\/2"}],"replies":[{"embeddable":true,"href":"https:\/\/wsrodnas.pl\/index.php?rest_route=%2Fwp%2Fv2%2Fcomments&post=669"}],"version-history":[{"count":1,"href":"https:\/\/wsrodnas.pl\/index.php?rest_route=\/wp\/v2\/posts\/669\/revisions"}],"predecessor-version":[{"id":977,"href":"https:\/\/wsrodnas.pl\/index.php?rest_route=\/wp\/v2\/posts\/669\/revisions\/977"}],"wp:attachment":[{"href":"https:\/\/wsrodnas.pl\/index.php?rest_route=%2Fwp%2Fv2%2Fmedia&parent=669"}],"wp:term":[{"taxonomy":"category","embeddable":true,"href":"https:\/\/wsrodnas.pl\/index.php?rest_route=%2Fwp%2Fv2%2Fcategories&post=669"},{"taxonomy":"post_tag","embeddable":true,"href":"https:\/\/wsrodnas.pl\/index.php?rest_route=%2Fwp%2Fv2%2Ftags&post=669"}],"curies":[{"name":"wp","href":"https:\/\/api.w.org\/{rel}","templated":true}]}}