{"id":661,"date":"2019-01-01T14:41:56","date_gmt":"2019-01-01T14:41:56","guid":{"rendered":"http:\/\/wsrodnas.pl\/?p=661"},"modified":"2021-11-29T14:51:44","modified_gmt":"2021-11-29T13:51:44","slug":"obchody-na-niebiesko-dla-autyzmu-2018","status":"publish","type":"post","link":"https:\/\/wsrodnas.pl\/?p=661","title":{"rendered":"Obchody Na Niebiesko dla Autyzmu 2018"},"content":{"rendered":"<p><span style=\"color: #000000; font-family: Calibri;\">W tym roku ju\u017c po raz 7 w\u0142\u0105czyli\u015bmy si\u0119 w obchody \u015awiatowego Dnia Wiedzy na temat Autyzmu.\u00a0 Inicjatorem akcji by\u0142 Zesp\u00f3\u0142 Szk\u00f3\u0142 Specjalnych w Augustowie wraz ze Stowarzyszeniem Przyjaci\u00f3\u0142 Zespo\u0142u Szk\u00f3\u0142 Specjalnych \u201eW\u015br\u00f3d Nas\u201d w Augustowie. Tegoroczne, bardzo huczne obchody odbywa\u0142y si\u0119 w ramach realizacji zadania publicznego wsp\u00f3\u0142finansowanego ze \u015brodk\u00f3w Burmistrza Miasta Augustowa \u2013 \u201eRazem z niebieskimi i sprawnymi inaczej\u201d. Wsparcia finansowego udzieli\u0142 nam r\u00f3wnie\u017c\u00a0 Bank Sp\u00f3\u0142dzielczy w Augustowie oraz inni sponsorzy. Aktywnie wspierali nas r\u00f3wnie\u017c w przygotowaniach niebieskiej akcji \u00a0\u00a0Szko\u0142a Podstawowa Nr 3 w Augustowie, Przedszkole Nr 3 z Oddzia\u0142ami Integracyjnymi\u00a0 oraz kino Iskra.\u00a0 Patronat honorowy nad imprez\u0105 obj\u0119li: Starosta Augustowski Pan Jaros\u0142aw Szlaszy\u0144ski i Burmistrz Miasta Augustowa Pan Wojciech Walulik. Patronatu\u00a0 medialnego udzielili: \u00a0Dziennik Powiatowy, Przegl\u0105d Powiatowy, augustow24.pl . Do uczestnictwa w niebieskim happeningu i marszu oraz seansie w kinie zaprosili\u015bmy tak\u017ce inne plac\u00f3wki edukacyjne z naszego miasta. Zaproszenie przyj\u0119\u0142o I Liceum Og\u00f3lnokszta\u0142c\u0105ce, \u00a0Gimnazjum Nr 4,\u00a0 Zesp\u00f3\u0142 Szk\u00f3\u0142 Spo\u0142ecznych,\u00a0 Warsztat Terapii Zaj\u0119ciowej, \u015arodowiskowy Dom Samopomocy oraz Stowarzyszenie na rzecz os\u00f3b niepe\u0142nosprawnych \u201eNadzieja\u201d z Rajgrodu.\u00a0 Na niebiesko za\u015bwiecili i czuwali nad naszym bezpiecze\u0144stwem przedstawiciele augustowskiej policji pod przewodnictwem Pana Paw\u0142a Jakubiaka. Przy i\u015bcie wiosennej pogodzie na Rynku Zygmunta Augusta, pod kolumn\u0105 jego za\u0142o\u017cyciela, zgromadzi\u0142o si\u0119 ponad 300 os\u00f3b \u201euzbrojonych\u201d w r\u00f3\u017cne niebieskie gad\u017cety: baloniki, chustki, ubrania, chor\u0105giewki, kwiaty, banery z has\u0142ami wspieraj\u0105cymi integracj\u0119 z osobami ze spektrum autyzmu, udzielanie im zrozumienia i wsparcia oraz d\u0105\u017cenie do w\u0142\u0105czenia, na r\u00f3wni z pozosta\u0142ymi\u00a0 lud\u017ami w spo\u0142ecze\u0144stwo. Przy d\u017awi\u0119kach muzyki, pod wodz\u0105 niebieskiej przyw\u00f3dczyni Pani Ireny \u015aniadkowskiej (nauczycielki Szko\u0142y Podstawowej Nr 3) integrowali\u015bmy si\u0119, propagowali\u015bmy wiedz\u0119 o tym tajemniczym zaburzeniu, rozdawali\u015bmy ulotki i cukierki przechodniom. Swoj\u0105 obecno\u015bci\u0105 zaszczycili nas Wicestarosta Augustowski, Pani Katarzyna Sturgulewska oraz Pan Micha\u0142 Kotarski z Urz\u0119du Miasta w Augustowie. Barwny korow\u00f3d okr\u0105\u017cy\u0142 park w centrum miasta i uda\u0142 si\u0119 do Kina Iskra by \u00a0obejrze\u0107 film dokumentalny \u201e\u017bycie animowane\u201d. Bohater filmu to doros\u0142y ch\u0142opak ze spektrum autyzmu, kt\u00f3ry ogl\u0105daj\u0105c bajki Disneya pr\u00f3bowa\u0142 zrozumie\u0107 \u015bwiat i relacje w nim panuj\u0105ce. Brawa ko\u0144cz\u0105ce seans upewni\u0142y nas, \u017ce zar\u00f3wno pomys\u0142 na happening, \u00a0jak i zaprezentowany film spe\u0142ni\u0142y swoje zadanie &#8211; rozpropagowa\u0142y wiedz\u0119, a przede wszystkim wzbudzi\u0142y otwarto\u015b\u0107 i zrozumienie \u00a0dla os\u00f3b dotkni\u0119tych autyzmem. <\/span><\/p>\n<p><span style=\"color: #000000; font-family: Calibri;\">Serdecznie dzi\u0119kujemy wszystkim, kt\u00f3rzy przyj\u0119li nasze zaproszenie i w\u0142\u0105czyli si\u0119 w t\u0105 wa\u017cn\u0105 akcj\u0119. Szczeg\u00f3lne podzi\u0119kowania kierujemy do plac\u00f3wek wsp\u00f3\u0142organizuj\u0105cych i ich aktywnych przedstawicieli, pa\u0144: El\u017cbiety Kierklo, Ireny \u015aniadkowskiej, Anety Kami\u0144skiej i Joanny Bogda\u0144skiej. \u00a0\u00a0Dzi\u0119kujemy sponsorom oraz tym, kt\u00f3rych przychylno\u015b\u0107 pozwoli\u0142a nam tak licznie i g\u0142o\u015bno \u201eZa\u015bwieci\u0107 si\u0119 na niebiesko\u201d.<\/span><\/p>\n<p><span style=\"font-family: Calibri;\"><span style=\"color: #000000;\">\u00a0\u00a0\u00a0\u00a0\u00a0\u00a0\u00a0\u00a0\u00a0\u00a0\u00a0\u00a0\u00a0\u00a0\u00a0\u00a0\u00a0\u00a0\u00a0\u00a0\u00a0\u00a0\u00a0\u00a0\u00a0\u00a0\u00a0\u00a0\u00a0\u00a0\u00a0\u00a0\u00a0\u00a0\u00a0\u00a0\u00a0 p. Halina Szulewska, p. Joanna Bienasz, p. Agnieszka Joanna Turowska<a href=\"http:\/\/wsrodnas.pl\/wp-content\/uploads\/2019\/01\/IMG_6861.jpg\" rel=\"lightbox[661]\"><img loading=\"lazy\" decoding=\"async\" class=\"alignnone size-medium wp-image-662\" src=\"http:\/\/wsrodnas.pl\/wp-content\/uploads\/2019\/01\/IMG_6861-300x225.jpg\" alt=\"\" width=\"300\" height=\"225\" srcset=\"https:\/\/wsrodnas.pl\/wp-content\/uploads\/2019\/01\/IMG_6861-300x225.jpg 300w, https:\/\/wsrodnas.pl\/wp-content\/uploads\/2019\/01\/IMG_6861-768x576.jpg 768w, https:\/\/wsrodnas.pl\/wp-content\/uploads\/2019\/01\/IMG_6861-1024x768.jpg 1024w\" sizes=\"(max-width: 300px) 100vw, 300px\" \/>\u00a0\u00a0\u00a0<\/a><a href=\"http:\/\/wsrodnas.pl\/wp-content\/uploads\/2019\/01\/IMG_6922.jpg\" rel=\"lightbox[661]\"><img loading=\"lazy\" decoding=\"async\" class=\"alignnone size-medium wp-image-663\" src=\"http:\/\/wsrodnas.pl\/wp-content\/uploads\/2019\/01\/IMG_6922-300x225.jpg\" alt=\"\" width=\"300\" height=\"225\" srcset=\"https:\/\/wsrodnas.pl\/wp-content\/uploads\/2019\/01\/IMG_6922-300x225.jpg 300w, https:\/\/wsrodnas.pl\/wp-content\/uploads\/2019\/01\/IMG_6922-768x576.jpg 768w, https:\/\/wsrodnas.pl\/wp-content\/uploads\/2019\/01\/IMG_6922-1024x768.jpg 1024w\" sizes=\"(max-width: 300px) 100vw, 300px\" \/><\/a><\/span><\/span><\/p>\n<p><a href=\"http:\/\/wsrodnas.pl\/wp-content\/uploads\/2019\/01\/IMG_6934.jpg\" rel=\"lightbox[661]\"><img loading=\"lazy\" decoding=\"async\" class=\"alignnone size-medium wp-image-664\" src=\"http:\/\/wsrodnas.pl\/wp-content\/uploads\/2019\/01\/IMG_6934-300x225.jpg\" alt=\"\" width=\"300\" height=\"225\" srcset=\"https:\/\/wsrodnas.pl\/wp-content\/uploads\/2019\/01\/IMG_6934-300x225.jpg 300w, https:\/\/wsrodnas.pl\/wp-content\/uploads\/2019\/01\/IMG_6934-768x576.jpg 768w, https:\/\/wsrodnas.pl\/wp-content\/uploads\/2019\/01\/IMG_6934-1024x768.jpg 1024w\" sizes=\"(max-width: 300px) 100vw, 300px\" \/><\/a> \u00a0 \u00a0<a href=\"http:\/\/wsrodnas.pl\/wp-content\/uploads\/2019\/01\/IMG_6931.jpg\" rel=\"lightbox[661]\"><img loading=\"lazy\" decoding=\"async\" class=\"alignnone size-medium wp-image-665\" src=\"http:\/\/wsrodnas.pl\/wp-content\/uploads\/2019\/01\/IMG_6931-300x225.jpg\" alt=\"\" width=\"300\" height=\"225\" srcset=\"https:\/\/wsrodnas.pl\/wp-content\/uploads\/2019\/01\/IMG_6931-300x225.jpg 300w, https:\/\/wsrodnas.pl\/wp-content\/uploads\/2019\/01\/IMG_6931-768x576.jpg 768w, https:\/\/wsrodnas.pl\/wp-content\/uploads\/2019\/01\/IMG_6931-1024x768.jpg 1024w\" sizes=\"(max-width: 300px) 100vw, 300px\" \/><\/a><\/p>\n<p><a href=\"http:\/\/wsrodnas.pl\/wp-content\/uploads\/2019\/01\/IMG_6924.jpg\" rel=\"lightbox[661]\"><img loading=\"lazy\" decoding=\"async\" class=\"alignnone size-medium wp-image-666\" src=\"http:\/\/wsrodnas.pl\/wp-content\/uploads\/2019\/01\/IMG_6924-300x225.jpg\" alt=\"\" width=\"300\" height=\"225\" srcset=\"https:\/\/wsrodnas.pl\/wp-content\/uploads\/2019\/01\/IMG_6924-300x225.jpg 300w, https:\/\/wsrodnas.pl\/wp-content\/uploads\/2019\/01\/IMG_6924-768x576.jpg 768w, https:\/\/wsrodnas.pl\/wp-content\/uploads\/2019\/01\/IMG_6924-1024x768.jpg 1024w\" sizes=\"(max-width: 300px) 100vw, 300px\" \/><\/a> \u00a0\u00a0<a href=\"http:\/\/wsrodnas.pl\/wp-content\/uploads\/2019\/01\/IMG_6894.jpg\" rel=\"lightbox[661]\"><img loading=\"lazy\" decoding=\"async\" class=\"alignnone size-medium wp-image-667\" src=\"http:\/\/wsrodnas.pl\/wp-content\/uploads\/2019\/01\/IMG_6894-300x225.jpg\" alt=\"\" width=\"300\" height=\"225\" srcset=\"https:\/\/wsrodnas.pl\/wp-content\/uploads\/2019\/01\/IMG_6894-300x225.jpg 300w, https:\/\/wsrodnas.pl\/wp-content\/uploads\/2019\/01\/IMG_6894-768x576.jpg 768w, https:\/\/wsrodnas.pl\/wp-content\/uploads\/2019\/01\/IMG_6894-1024x768.jpg 1024w\" sizes=\"(max-width: 300px) 100vw, 300px\" \/><\/a><\/p>\n","protected":false},"excerpt":{"rendered":"<p>W tym roku ju\u017c po raz 7 w\u0142\u0105czyli\u015bmy si\u0119 w obchody \u015awiatowego Dnia Wiedzy na temat Autyzmu.\u00a0 Inicjatorem akcji by\u0142 Zesp\u00f3\u0142 Szk\u00f3\u0142 Specjalnych w Augustowie wraz ze Stowarzyszeniem Przyjaci\u00f3\u0142 Zespo\u0142u Szk\u00f3\u0142 Specjalnych \u201eW\u015br\u00f3d Nas\u201d w Augustowie. Tegoroczne, bardzo huczne obchody odbywa\u0142y si\u0119 w ramach realizacji zadania publicznego wsp\u00f3\u0142finansowanego ze \u015brodk\u00f3w Burmistrza Miasta Augustowa \u2013 \u201eRazem [&hellip;]<\/p>\n","protected":false},"author":2,"featured_media":664,"comment_status":"closed","ping_status":"open","sticky":false,"template":"","format":"standard","meta":{"footnotes":""},"categories":[11,4],"tags":[],"_links":{"self":[{"href":"https:\/\/wsrodnas.pl\/index.php?rest_route=\/wp\/v2\/posts\/661"}],"collection":[{"href":"https:\/\/wsrodnas.pl\/index.php?rest_route=\/wp\/v2\/posts"}],"about":[{"href":"https:\/\/wsrodnas.pl\/index.php?rest_route=\/wp\/v2\/types\/post"}],"author":[{"embeddable":true,"href":"https:\/\/wsrodnas.pl\/index.php?rest_route=\/wp\/v2\/users\/2"}],"replies":[{"embeddable":true,"href":"https:\/\/wsrodnas.pl\/index.php?rest_route=%2Fwp%2Fv2%2Fcomments&post=661"}],"version-history":[{"count":1,"href":"https:\/\/wsrodnas.pl\/index.php?rest_route=\/wp\/v2\/posts\/661\/revisions"}],"predecessor-version":[{"id":978,"href":"https:\/\/wsrodnas.pl\/index.php?rest_route=\/wp\/v2\/posts\/661\/revisions\/978"}],"wp:featuredmedia":[{"embeddable":true,"href":"https:\/\/wsrodnas.pl\/index.php?rest_route=\/wp\/v2\/media\/664"}],"wp:attachment":[{"href":"https:\/\/wsrodnas.pl\/index.php?rest_route=%2Fwp%2Fv2%2Fmedia&parent=661"}],"wp:term":[{"taxonomy":"category","embeddable":true,"href":"https:\/\/wsrodnas.pl\/index.php?rest_route=%2Fwp%2Fv2%2Fcategories&post=661"},{"taxonomy":"post_tag","embeddable":true,"href":"https:\/\/wsrodnas.pl\/index.php?rest_route=%2Fwp%2Fv2%2Ftags&post=661"}],"curies":[{"name":"wp","href":"https:\/\/api.w.org\/{rel}","templated":true}]}}