{"id":654,"date":"2018-04-02T11:40:14","date_gmt":"2018-04-02T11:40:14","guid":{"rendered":"http:\/\/wsrodnas.pl\/?p=654"},"modified":"2021-11-29T14:51:44","modified_gmt":"2021-11-29T13:51:44","slug":"na-niebiesko-dla-autyzmu","status":"publish","type":"post","link":"https:\/\/wsrodnas.pl\/?p=654","title":{"rendered":"Na Niebiesko dla Autyzmu"},"content":{"rendered":"<p><strong>\u00a0 \u00a0 \u00a0 \u00a0 \u00a0 \u00a0 \u00a0 \u00a0 \u00a0 \u00a0 \u00a0 \u00a0 \u00a0 \u00a0 \u00a0 \u00a0 \u00a0 \u00a0 \u00a0 \u00a0 \u00a0 \u00a0 \u00a0 \u00a0 \u00a0 \u00a0 \u00a0 Za\u015bwie\u0107 si\u0119 na niebiesko dla autyzmu<\/strong><\/p>\n<p><strong>\u015awiatowy Dzie\u0144 Wiedzy na Temat Autyzmu<\/strong> przypada <strong>2 kwietnia, <\/strong>zosta\u0142 ustanowiony przez Zgromadzenie Og\u00f3lne ONZ. Dzie\u0144 ten rozpoczyna w Stanach Zjednoczonych, ale tak\u017ce w Polsce,<strong> \u015awiatowy Miesi\u0105c Wiedzy na Temat Autyzmu<\/strong>, kt\u00f3ry ma zwr\u00f3ci\u0107 uwag\u0119 spo\u0142ecze\u0144stwa na problemy i potrzeby os\u00f3b z autyzmem.. Fundacja SYNAPSIS, wraz z\u00a0innymi organizacjami dzia\u0142aj\u0105cymi na rzecz os\u00f3b z\u00a0autyzmem w\u00a0Polsce i na \u015bwiecie, celebruje to \u015bwi\u0119to, w\u0142\u0105czaj\u0105c si\u0119 w globaln\u0105 akcj\u0119 <strong>\u201eZa\u015bwie\u0107 si\u0119 na niebiesko\u201c<\/strong>. W tym dniu symbolem solidarno\u015bci z\u00a0osobami z\u00a0autyzmem jest\u00a0 kolor niebieski. Autyzm na ca\u0142ym \u015bwiecie dotyka coraz wi\u0119kszej grupy ludzi. Statystki w niekt\u00f3rych krajach s\u0105 alarmuj\u0105ce.<\/p>\n<p>W Europie \u017cyje 5 mln os\u00f3b z autyzmem, co oznacza, \u017ce 1 osoba na 150 dotkni\u0119ta jest tym zaburzeniem. W Stanach Zjednoczonych autyzm wykrywany jest u 1 dziecka na 88. W Wielkiej Brytanii, w kt\u00f3rej funkcjonuje jeden z najlepszych system\u00f3w pomocy osobom z autyzmem, na autyzm cierpi 1 osoba na 100. W Polsce m\u00f3wi si\u0119 o <strong>1 przypadku na 300<\/strong>. Rozbie\u017cno\u015b\u0107 statystyk wynika z r\u00f3\u017cnic w dost\u0119pie do diagnozy, jej jako\u015bci, a tak\u017ce \u015bwiadomo\u015bci spo\u0142ecze\u0144stwa w zakresie autyzmu.<\/p>\n<p>Ju\u017c po raz si\u00f3dmy Zesp\u00f3\u0142 Szk\u00f3\u0142 Specjalnych pragnie w\u0142\u0105czy\u0107 si\u0119 w t\u0105 mi\u0119dzynarodow\u0105 akcj\u0119 edukacyjn\u0105 i zwr\u00f3ci\u0107 uwag\u0119 na potrzeby naszych uczni\u00f3w z autyzmem. Uroczyste obchody odb\u0119d\u0105 si\u0119 4.04.2018.<\/p>\n<ol>\n<li>Rozpoczniemy o godz. 10.00 od <strong>niebieskiego happeningu<\/strong> pod kolumn\u0105 za\u0142o\u017cyciela miasta Kr\u00f3la Zygmunta Augusta, w kt\u00f3rym udzia\u0142 wezm\u0105 uczniowie z naszej szko\u0142y oraz klas integracyjnych na terenie Augustowa oraz wolontariusze wsp\u00f3\u0142pracuj\u0105cy z nasz\u0105 plac\u00f3wk\u0105. B\u0119dzie to okazja do propagowania wiedzy na temat autyzmu w przestrzeni publicznej.<\/li>\n<li>Nast\u0119pnie przemaszerujemy do Kina Iskra, gdzie o godz. 10.45 \u00a0odb\u0119dzie si\u0119 seans filmu <strong>\u201e\u017bycie animowane\u201d (pokaz zamkni\u0119ty) <\/strong>&#8211; dokumentu opowiadaj\u0105cego histori\u0119 autystycznego ch\u0142opca, kt\u00f3ry w wieku trzech lat traci zdolno\u015b\u0107 mowy. Dzi\u0119ki bajkom Disneya udaje si\u0119 rodzicom ponownie nawi\u0105za\u0107 z nim kontakt.<\/li>\n<\/ol>\n<p>Serdecznie zapraszamy. Zadanie jest realizowane w ramach wsp\u00f3\u0142finansowania przez Burmistrza Miasta Augustowa &#8211; &#8222;Razem z niebieskimi i sprawnymi inaczej&#8221;.<\/p>\n","protected":false},"excerpt":{"rendered":"<p>\u00a0 \u00a0 \u00a0 \u00a0 \u00a0 \u00a0 \u00a0 \u00a0 \u00a0 \u00a0 \u00a0 \u00a0 \u00a0 \u00a0 \u00a0 \u00a0 \u00a0 \u00a0 \u00a0 \u00a0 \u00a0 \u00a0 \u00a0 \u00a0 \u00a0 \u00a0 \u00a0 Za\u015bwie\u0107 si\u0119 na niebiesko dla autyzmu \u015awiatowy Dzie\u0144 Wiedzy na Temat Autyzmu przypada 2 kwietnia, zosta\u0142 ustanowiony przez Zgromadzenie Og\u00f3lne ONZ. Dzie\u0144 ten rozpoczyna w Stanach Zjednoczonych, ale [&hellip;]<\/p>\n","protected":false},"author":2,"featured_media":0,"comment_status":"closed","ping_status":"open","sticky":false,"template":"","format":"standard","meta":{"footnotes":""},"categories":[11,4,9],"tags":[],"_links":{"self":[{"href":"https:\/\/wsrodnas.pl\/index.php?rest_route=\/wp\/v2\/posts\/654"}],"collection":[{"href":"https:\/\/wsrodnas.pl\/index.php?rest_route=\/wp\/v2\/posts"}],"about":[{"href":"https:\/\/wsrodnas.pl\/index.php?rest_route=\/wp\/v2\/types\/post"}],"author":[{"embeddable":true,"href":"https:\/\/wsrodnas.pl\/index.php?rest_route=\/wp\/v2\/users\/2"}],"replies":[{"embeddable":true,"href":"https:\/\/wsrodnas.pl\/index.php?rest_route=%2Fwp%2Fv2%2Fcomments&post=654"}],"version-history":[{"count":1,"href":"https:\/\/wsrodnas.pl\/index.php?rest_route=\/wp\/v2\/posts\/654\/revisions"}],"predecessor-version":[{"id":979,"href":"https:\/\/wsrodnas.pl\/index.php?rest_route=\/wp\/v2\/posts\/654\/revisions\/979"}],"wp:attachment":[{"href":"https:\/\/wsrodnas.pl\/index.php?rest_route=%2Fwp%2Fv2%2Fmedia&parent=654"}],"wp:term":[{"taxonomy":"category","embeddable":true,"href":"https:\/\/wsrodnas.pl\/index.php?rest_route=%2Fwp%2Fv2%2Fcategories&post=654"},{"taxonomy":"post_tag","embeddable":true,"href":"https:\/\/wsrodnas.pl\/index.php?rest_route=%2Fwp%2Fv2%2Ftags&post=654"}],"curies":[{"name":"wp","href":"https:\/\/api.w.org\/{rel}","templated":true}]}}