{"id":614,"date":"2017-12-29T15:25:03","date_gmt":"2017-12-29T15:25:03","guid":{"rendered":"http:\/\/wsrodnas.pl\/?p=614"},"modified":"2021-11-29T14:51:56","modified_gmt":"2021-11-29T13:51:56","slug":"obchody-swiatowego-dnia-osob-niepelnosprawnych","status":"publish","type":"post","link":"https:\/\/wsrodnas.pl\/?p=614","title":{"rendered":"Obchody \u015awiatowego Dnia Os\u00f3b Niepe\u0142nosprawnych"},"content":{"rendered":"<p>Ju\u017c po raz kolejny Stowarzyszenie zaanga\u017cowa\u0142o si\u0119 w organizacj\u0119 i wsp\u00f3\u0142finansowanie obchod\u00f3w Dnia Os\u00f3b Niepe\u0142nosprawnych.<\/p>\n<p>W poniedzia\u0142ek 04.12.2017r. w auli Augustowskiego Centrum Edukacyjnego obchodzono Mi\u0119dzynarodowy Dzie\u0144 Os\u00f3b Niepe\u0142nosprawnych. Organizatorami uroczysto\u015bci byli: Zesp\u00f3\u0142 Szk\u00f3\u0142 Specjalnych z\u00a0 nauczycielami i panem dyrektorem Romanem Krzy\u017copolskim na czele, Warsztat Terapii Zaj\u0119ciowej z pani\u0105 dyrektor Ma\u0142gorzat\u0105 Jarmoszko i \u015arodowiskowy Dom Samopomocy z pani\u0105 dyrektor Ma\u0142gorzat\u0105 Cie\u015blukowsk\u0105. Wzi\u0119\u0142y w niej udzia\u0142 plac\u00f3wki zrzeszaj\u0105ce osoby niepe\u0142nosprawne z Augustowa, Bia\u0142egostoku, Grajewa oraz Suwa\u0142k. By\u0142 to dzie\u0144 pe\u0142en atrakcji dla os\u00f3b, kt\u00f3re na co dzie\u0144 musz\u0105 boryka\u0107 si\u0119 ze swoj\u0105 niepe\u0142nosprawno\u015bci\u0105. Organizatorzy postarali si\u0119, aby atrakcje przygotowane na ten dzie\u0144 dostarczy\u0142y uczestnikom wielu pozytywnych wra\u017ce\u0144 i pozwoli\u0142y im cho\u0107 na chwil\u0119 zapomnie\u0107 o trudach i przeciwno\u015bciach z jakimi musz\u0105 si\u0119 oni zmaga\u0107 w codziennym \u017cyciu. Z przyjemno\u015bci\u0105 mo\u017cna by\u0142o obejrze\u0107 kr\u00f3tki film, w kt\u00f3rym aktorkami by\u0142y osoby z g\u0142\u0119bokim stopniem niepe\u0142nosprawno\u015bci intelektualnej. Mi\u0119dzynarodowego charakteru doda\u0142y imprezie pozdrowienia, przes\u0142ane wszystkim uczestnikom przez dzieci niepe\u0142nosprawne z Berlina. Wspania\u0142e wyst\u0119py przedstawicieli plac\u00f3wek, ukazywa\u0142y jak warto\u015bciowi s\u0105 to ludzie i jakie maj\u0105 wyj\u0105tkowe zdolno\u015bci. Przerwa na pocz\u0119stunek by\u0142a mi\u0119dzy innymi okazj\u0105 do integracji, wymiany do\u015bwiadcze\u0144, zawarcia nowych znajomo\u015bci. Niezapomnianych wra\u017ce\u0144 dostarczy\u0142\u00a0 wyst\u0119p zespo\u0142u Tomasza Niecika, kt\u00f3ry z wielk\u0105 przyjemno\u015bci\u0105 wyst\u0105pi\u0142 przed tak wspania\u0142\u0105 publiczno\u015bci\u0105. Tomasz Niecikowski z entuzjazmem przyj\u0105\u0142 zaproszenie na t\u0119 imprez\u0119 i zaproponowa\u0142, \u017ce wyst\u0105pi charytatywnie. Patronat nad imprez\u0105 obj\u0105\u0142 Starosta Powiatu Augustowskiego pan Jaros\u0142aw Szlaszy\u0144ski, patronat medialny Radio5. Dzie\u0144 tylu atrakcji by\u0142 mo\u017cliwy dzi\u0119ki wspania\u0142ym ludziom dobrej woli, kt\u00f3rzy wspierali organizator\u00f3w, byli to: pani Joanna Klepacka- Klepaccy Biuro Nieruchomo\u015bci, pan Stanis\u0142aw Nied\u017awiecki \u2013 Firma BUD-REM, pan Piotr Nowak-firma ZRDiM EKODROM,\u00a0 pan Antoni D\u0119bowski Powiatowy Inspektor Nadzoru Budowlanego, Stowarzyszenie Przyjaci\u00f3\u0142 Szk\u00f3\u0142 Specjalnych ,,W\u015br\u00f3d Nas\u201d, oraz Augustowskie Centrum Edukacyjne. Maluj\u0105ce si\u0119 na twarzach uczestnik\u00f3w rado\u015b\u0107 i szcz\u0119\u015bcie pokazuj\u0105 i\u017c warto jest podejmowa\u0107 takie przedsi\u0119wzi\u0119cia. Dzi\u0119kujemy wszystkim za wsparcie, serce, dobre s\u0142owo i wsp\u00f3lne \u015bwi\u0119towanie.<\/p>\n<p><img decoding=\"async\" class=\"aligncenter\" src=\"http:\/\/www.zssaugustow.pl\/images\/stories\/foto14.jpg\" width=\"500\" border=\"0\" \/><\/p>\n","protected":false},"excerpt":{"rendered":"<p>Ju\u017c po raz kolejny Stowarzyszenie zaanga\u017cowa\u0142o si\u0119 w organizacj\u0119 i wsp\u00f3\u0142finansowanie obchod\u00f3w Dnia Os\u00f3b Niepe\u0142nosprawnych. W poniedzia\u0142ek 04.12.2017r. w auli Augustowskiego Centrum Edukacyjnego obchodzono Mi\u0119dzynarodowy Dzie\u0144 Os\u00f3b Niepe\u0142nosprawnych. Organizatorami uroczysto\u015bci byli: Zesp\u00f3\u0142 Szk\u00f3\u0142 Specjalnych z\u00a0 nauczycielami i panem dyrektorem Romanem Krzy\u017copolskim na czele, Warsztat Terapii Zaj\u0119ciowej z pani\u0105 dyrektor Ma\u0142gorzat\u0105 Jarmoszko i \u015arodowiskowy Dom Samopomocy [&hellip;]<\/p>\n","protected":false},"author":2,"featured_media":0,"comment_status":"closed","ping_status":"open","sticky":false,"template":"","format":"standard","meta":{"footnotes":""},"categories":[11,4],"tags":[],"_links":{"self":[{"href":"https:\/\/wsrodnas.pl\/index.php?rest_route=\/wp\/v2\/posts\/614"}],"collection":[{"href":"https:\/\/wsrodnas.pl\/index.php?rest_route=\/wp\/v2\/posts"}],"about":[{"href":"https:\/\/wsrodnas.pl\/index.php?rest_route=\/wp\/v2\/types\/post"}],"author":[{"embeddable":true,"href":"https:\/\/wsrodnas.pl\/index.php?rest_route=\/wp\/v2\/users\/2"}],"replies":[{"embeddable":true,"href":"https:\/\/wsrodnas.pl\/index.php?rest_route=%2Fwp%2Fv2%2Fcomments&post=614"}],"version-history":[{"count":1,"href":"https:\/\/wsrodnas.pl\/index.php?rest_route=\/wp\/v2\/posts\/614\/revisions"}],"predecessor-version":[{"id":988,"href":"https:\/\/wsrodnas.pl\/index.php?rest_route=\/wp\/v2\/posts\/614\/revisions\/988"}],"wp:attachment":[{"href":"https:\/\/wsrodnas.pl\/index.php?rest_route=%2Fwp%2Fv2%2Fmedia&parent=614"}],"wp:term":[{"taxonomy":"category","embeddable":true,"href":"https:\/\/wsrodnas.pl\/index.php?rest_route=%2Fwp%2Fv2%2Fcategories&post=614"},{"taxonomy":"post_tag","embeddable":true,"href":"https:\/\/wsrodnas.pl\/index.php?rest_route=%2Fwp%2Fv2%2Ftags&post=614"}],"curies":[{"name":"wp","href":"https:\/\/api.w.org\/{rel}","templated":true}]}}