{"id":612,"date":"2017-12-29T15:21:56","date_gmt":"2017-12-29T15:21:56","guid":{"rendered":"http:\/\/wsrodnas.pl\/?p=612"},"modified":"2021-11-29T14:51:56","modified_gmt":"2021-11-29T13:51:56","slug":"kino-w-trampkach","status":"publish","type":"post","link":"https:\/\/wsrodnas.pl\/?p=612","title":{"rendered":"Kino w Trampkach"},"content":{"rendered":"<p>Stowarzyszenie wsp\u00f3\u0142finansowa\u0142o udzia\u0142 naszych podopiecznych, uczni\u00f3w Zespo\u0142u Szk\u00f3\u0142 Specjalnych w Og\u00f3lnopolskim Projekcie propaguj\u0105cym sztuk\u0119 filmow\u0105.<\/p>\n<p><strong>Nasza szko\u0142a wzi\u0119\u0142a udzia\u0142 w\u00a0 <\/strong>spotkaniach\u00a0 z kinem dla m\u0142odego widza, kt\u00f3re odbywa\u0142y si\u0119 w listopadzie w 10 miastach w Polsce w 4 wojew\u00f3dztwach: podlaskim, warmi\u0144sko-mazurskim, lubelskim i mazowieckim. By\u0142a to szansa na zobaczenie tytu\u0142\u00f3w festiwalu Kino w Trampkach, kt\u00f3rymi zachwyci\u0142a si\u0119 publiczno\u015b\u0107 podczas pokaz\u00f3w w Warszawie. Filmy by\u0142y poprzedzone kr\u00f3tkimi prelekcjami, a po seansach widzowie zapraszani byli do dyskusji i dzielenia si\u0119 emocjami jakie wywar\u0142a projekcja. Pierwszym filmem by\u0142 obraz indyjski pod tytu\u0142em\u00a0 <a href=\"http:\/\/www.kinowtrampkach.pl\/pl\/film\/tecza\/\"><strong><em>T\u0119cza<\/em><\/strong><\/a>, kt\u00f3ry zdoby\u0142 \u00a0G\u0142\u00f3wna Nagroda Dzieci\u0119cego Jury 3. edycji Kina w Trampkach w 2015. Opowie\u015b\u0107 o Pari, dziewczynce kt\u00f3ra ma 10 lat i m\u0142odszego brata Chotu, kt\u00f3ry nie widzi. Obieca\u0142a mu, \u017ce odzyska wzrok jeszcze przed 9 urodzinami. Urodziny ju\u017c nied\u0142ugo. Pari wie, \u017ce tylko Shah Rukh Khan mo\u017ce jej pom\u00f3c dotrzyma\u0107 obietnicy. Tylko jak ma\u0142a dziewczynka z rad\u017castha\u0144skiej wsi ma spotka\u0107 wielk\u0105 s\u0142aw\u0119 Bollywoodu?\u00a0 Mia\u0142am niesamowity zaszczyt w poprowadzeniu dyskusji i prelekcji dotycz\u0105cej funkcjonowaniu os\u00f3b niewidomych, oraz poprowadzeniu dyskusji o mocy przyja\u017ani, pomimo przeciwno\u015bci losu. Kolejnym filmem by\u0142 dokument <a href=\"http:\/\/www.kinowtrampkach.pl\/pl\/film\/mecz-o-wszystko\/\"><strong><em>Mecz o wszystko<\/em><\/strong><\/a>,\u00a0 produkcji ameryka\u0144skiej z\u00a0 2015, kt\u00f3ry zosta\u0142 wyr\u00f3\u017cniony Nagrod\u0105\u00a0 Publiczno\u015bci Kina w Trampkach w 2015 roku. Film opowiedzia\u0142 histori\u0119 grupa ugandyjskich ch\u0142opc\u00f3w, 11- i 12-latk\u00f3w, kt\u00f3rzy na przek\u00f3r przeciwno\u015bciom losu chc\u0105 zosta\u0107 pierwsz\u0105 w historii afryka\u0144sk\u0105 dru\u017cyn\u0105, kt\u00f3ra we\u017amie udzia\u0142 w Mistrzostwach \u015awiata Ma\u0142ej Ligi Baseballowej. Przez ponad trzy lata re\u017cyser Jay Shapiro towarzyszy\u0142 dru\u017cynie baseballowej z Kampali w Ugandzie. Ostatnia projekcja to\u00a0 <a href=\"http:\/\/www.kinowtrampkach.pl\/pl\/film\/maly-gangster\/\"><strong><em>Ma\u0142y gangster<\/em><\/strong><\/a>, produkcji holenderskiej\u00a0 z\u00a0 2015, kt\u00f3ry zdoby\u0142 Nagrod\u0119 Publiczno\u015bci Kina w Trampkach w\u00a0 2016. Porusza\u0142 tematy dotycz\u0105ce m\u0142odzie\u017cy szkolnej. Jak zyska\u0107 szacunek koleg\u00f3w i uwielbienie dziewczyn? Co zrobi\u0107, \u017ceby przesta\u0107 by\u0107 szkoln\u0105 ofiar\u0105? Rik wpada na genialny pomys\u0142: postanawia uczyni\u0107 swego ojca \u2013 nadzwyczaj uprzejmego i \u0142agodnego, a w dodatku szalenie naiwnego entuzjast\u0119 gry w szachy \u2013 bezwzgl\u0119dnym szefem mafii. Gdy przeprowadzaj\u0105 si\u0119 do innego miasteczka, Rikkie konsekwentnie buduje nowy wizerunek rodziny. Sytuacja si\u0119 komplikuje, gdy wie\u015b\u0107 o konkurencji dociera do lokalnej gangsterskiej familii i gdy jak bumerang wraca nierozwi\u0105zana sprawa z dawnym prze\u015bladowc\u0105.<\/p>\n<p>W sumie w pokazach wzi\u0119\u0142o udzia\u0142 ponad 30 uczni\u00f3w starszych klas wraz z nauczycielami. Podzi\u0119kowania nale\u017c\u0105 si\u0119 Panu Dyrektorowi Romanowi Krzy\u017copolskiemu za przychylno\u015b\u0107 w zrealizowaniu inicjatywny. Koszty uczestnictwa by\u0142y pokryte w po\u0142owie ze sk\u0142adek uczni\u00f3w, reszt\u0119 sfinansowa\u0142 Zarz\u0105d Stowarzyszenia Przyjaci\u00f3\u0142 Zespo\u0142u Szk\u00f3\u0142 Specjalnych \u201eW\u015br\u00f3d Nas\u201d w Augustowie, za co bardzo serdecznie dzi\u0119kujemy. Mamy nadziej\u0119, \u017ce b\u0119dziemy mogli uczestniczy\u0107 w podobnych inicjatywach Rafa\u0142a Grynarza i Bartka \u015awierkowskiego z Kina Iskra w Augustowie.<\/p>\n","protected":false},"excerpt":{"rendered":"<p>Stowarzyszenie wsp\u00f3\u0142finansowa\u0142o udzia\u0142 naszych podopiecznych, uczni\u00f3w Zespo\u0142u Szk\u00f3\u0142 Specjalnych w Og\u00f3lnopolskim Projekcie propaguj\u0105cym sztuk\u0119 filmow\u0105. Nasza szko\u0142a wzi\u0119\u0142a udzia\u0142 w\u00a0 spotkaniach\u00a0 z kinem dla m\u0142odego widza, kt\u00f3re odbywa\u0142y si\u0119 w listopadzie w 10 miastach w Polsce w 4 wojew\u00f3dztwach: podlaskim, warmi\u0144sko-mazurskim, lubelskim i mazowieckim. By\u0142a to szansa na zobaczenie tytu\u0142\u00f3w festiwalu Kino w Trampkach, kt\u00f3rymi [&hellip;]<\/p>\n","protected":false},"author":2,"featured_media":0,"comment_status":"closed","ping_status":"open","sticky":false,"template":"","format":"standard","meta":{"footnotes":""},"categories":[11,4],"tags":[],"_links":{"self":[{"href":"https:\/\/wsrodnas.pl\/index.php?rest_route=\/wp\/v2\/posts\/612"}],"collection":[{"href":"https:\/\/wsrodnas.pl\/index.php?rest_route=\/wp\/v2\/posts"}],"about":[{"href":"https:\/\/wsrodnas.pl\/index.php?rest_route=\/wp\/v2\/types\/post"}],"author":[{"embeddable":true,"href":"https:\/\/wsrodnas.pl\/index.php?rest_route=\/wp\/v2\/users\/2"}],"replies":[{"embeddable":true,"href":"https:\/\/wsrodnas.pl\/index.php?rest_route=%2Fwp%2Fv2%2Fcomments&post=612"}],"version-history":[{"count":1,"href":"https:\/\/wsrodnas.pl\/index.php?rest_route=\/wp\/v2\/posts\/612\/revisions"}],"predecessor-version":[{"id":989,"href":"https:\/\/wsrodnas.pl\/index.php?rest_route=\/wp\/v2\/posts\/612\/revisions\/989"}],"wp:attachment":[{"href":"https:\/\/wsrodnas.pl\/index.php?rest_route=%2Fwp%2Fv2%2Fmedia&parent=612"}],"wp:term":[{"taxonomy":"category","embeddable":true,"href":"https:\/\/wsrodnas.pl\/index.php?rest_route=%2Fwp%2Fv2%2Fcategories&post=612"},{"taxonomy":"post_tag","embeddable":true,"href":"https:\/\/wsrodnas.pl\/index.php?rest_route=%2Fwp%2Fv2%2Ftags&post=612"}],"curies":[{"name":"wp","href":"https:\/\/api.w.org\/{rel}","templated":true}]}}