{"id":553,"date":"2017-03-05T16:37:22","date_gmt":"2017-03-05T16:37:22","guid":{"rendered":"http:\/\/wsrodnas.pl\/?p=553"},"modified":"2021-11-29T14:51:56","modified_gmt":"2021-11-29T13:51:56","slug":"aktywne-ferie","status":"publish","type":"post","link":"https:\/\/wsrodnas.pl\/?p=553","title":{"rendered":"Aktywne ferie"},"content":{"rendered":"<p>Podczas ferii zimowych odby\u0142y si\u0119 2 wyj\u015bcia stacjonarne na terenie Augustowa &#8211; seans Kr\u00f3lowa \u015aniegu 3 w Kinie Iskra oraz rozgrywki bowlingowe w Kr\u0119gielni Gara\u017c. Spo\u0142eczno\u015b\u0107 szko\u0142y wybra\u0142a si\u0119 na kulig do stadniny koni w \u017barnowie. Impreza wpisa\u0142a si\u0119 w realizacj\u0119 przez Stowarzyszenie Przyjaci\u00f3\u0142 Zespo\u0142u Szk\u00f3\u0142 Specjalnych \u201eW\u015br\u00f3d Nas\u201d zadania publicznego \u201eAktywni w ferie \u2013 zaj\u0119cia dla os\u00f3b niepe\u0142nosprawnych intelektualnie i z autyzmem oraz ich rodzin\u201d wsp\u00f3\u0142finansowanego przez Burmistrza Miasta Augustowa. Udali\u015bmy si\u0119 do \u017barnowa, a tam czeka\u0142y na nas sanie zaprz\u0119\u017cone w par\u0119 koni ka\u017cde. Pogoda sprzyja\u0142a, bia\u0142o wok\u00f3\u0142, ca\u0142kiem przyjemnie chocia\u017c to nadal zima. Ruszyli\u015bmy do lasu podziwiaj\u0105c okolic\u0119 w zimowej ods\u0142onie. By\u0142o bardzo weso\u0142o, t\u0119tent ko\u0144skich kopyt i lekki wiatr towarzyszy\u0142y nam w ramach przeja\u017cd\u017cki. Po powrocie by\u0142o ognisko z kie\u0142baskami, gor\u0105ca herbata i wsp\u00f3lne biesiadowanie. Mieli\u015bmy te\u017c mo\u017cliwo\u015b\u0107 zwiedzi\u0107 stajnie i pozna\u0107 mieszkaj\u0105ce tam konie. Znalaz\u0142 si\u0119 te\u017c czas na zabawy na \u015bniegu \u2013 \u015bnie\u017cki, przeja\u017cd\u017cki na sankach, spacery, korzystanie z placu zabaw. Szcz\u0119\u015bliwi, dotlenieni, pe\u0142ni energii powr\u00f3cili\u015bmy do szko\u0142y. Ju\u017c si\u0119 nie mo\u017cemy doczeka\u0107 nast\u0119pnej wyprawy\u2026<\/p>\n<p><a href=\"http:\/\/wsrodnas.pl\/wp-content\/uploads\/2017\/03\/kr3.jpg\" rel=\"lightbox[553]\"><img loading=\"lazy\" decoding=\"async\" class=\"alignnone size-medium wp-image-554\" src=\"http:\/\/wsrodnas.pl\/wp-content\/uploads\/2017\/03\/kr3-300x225.jpg\" alt=\"kr3\" width=\"300\" height=\"225\" srcset=\"https:\/\/wsrodnas.pl\/wp-content\/uploads\/2017\/03\/kr3-300x225.jpg 300w, https:\/\/wsrodnas.pl\/wp-content\/uploads\/2017\/03\/kr3.jpg 640w\" sizes=\"(max-width: 300px) 100vw, 300px\" \/><\/a>\u00a0 <a href=\"http:\/\/wsrodnas.pl\/wp-content\/uploads\/2017\/03\/kr4.jpg\" rel=\"lightbox[553]\"><img loading=\"lazy\" decoding=\"async\" class=\"alignnone size-medium wp-image-555\" src=\"http:\/\/wsrodnas.pl\/wp-content\/uploads\/2017\/03\/kr4-300x225.jpg\" alt=\"kr4\" width=\"300\" height=\"225\" srcset=\"https:\/\/wsrodnas.pl\/wp-content\/uploads\/2017\/03\/kr4-300x225.jpg 300w, https:\/\/wsrodnas.pl\/wp-content\/uploads\/2017\/03\/kr4.jpg 640w\" sizes=\"(max-width: 300px) 100vw, 300px\" \/><\/a><\/p>\n<p><a href=\"http:\/\/wsrodnas.pl\/wp-content\/uploads\/2017\/03\/IMG_0467.jpg\" rel=\"lightbox[553]\"><img loading=\"lazy\" decoding=\"async\" class=\"alignnone size-medium wp-image-556\" src=\"http:\/\/wsrodnas.pl\/wp-content\/uploads\/2017\/03\/IMG_0467-300x225.jpg\" alt=\"IMG_0467\" width=\"300\" height=\"225\" srcset=\"https:\/\/wsrodnas.pl\/wp-content\/uploads\/2017\/03\/IMG_0467-300x225.jpg 300w, https:\/\/wsrodnas.pl\/wp-content\/uploads\/2017\/03\/IMG_0467-768x576.jpg 768w, https:\/\/wsrodnas.pl\/wp-content\/uploads\/2017\/03\/IMG_0467-1024x768.jpg 1024w, https:\/\/wsrodnas.pl\/wp-content\/uploads\/2017\/03\/IMG_0467.jpg 2048w\" sizes=\"(max-width: 300px) 100vw, 300px\" \/><\/a>\u00a0 <a href=\"http:\/\/wsrodnas.pl\/wp-content\/uploads\/2017\/03\/IMG_0473.jpg\" rel=\"lightbox[553]\"><img loading=\"lazy\" decoding=\"async\" class=\"alignnone size-medium wp-image-557\" src=\"http:\/\/wsrodnas.pl\/wp-content\/uploads\/2017\/03\/IMG_0473-225x300.jpg\" alt=\"IMG_0473\" width=\"225\" height=\"300\" srcset=\"https:\/\/wsrodnas.pl\/wp-content\/uploads\/2017\/03\/IMG_0473-225x300.jpg 225w, https:\/\/wsrodnas.pl\/wp-content\/uploads\/2017\/03\/IMG_0473-768x1024.jpg 768w, https:\/\/wsrodnas.pl\/wp-content\/uploads\/2017\/03\/IMG_0473.jpg 1536w\" sizes=\"(max-width: 225px) 100vw, 225px\" \/><\/a><\/p>\n<p><a href=\"http:\/\/wsrodnas.pl\/wp-content\/uploads\/2017\/03\/IMG_0463.jpg\" rel=\"lightbox[553]\"><img loading=\"lazy\" decoding=\"async\" class=\"alignnone size-medium wp-image-558\" src=\"http:\/\/wsrodnas.pl\/wp-content\/uploads\/2017\/03\/IMG_0463-300x225.jpg\" alt=\"IMG_0463\" width=\"300\" height=\"225\" srcset=\"https:\/\/wsrodnas.pl\/wp-content\/uploads\/2017\/03\/IMG_0463-300x225.jpg 300w, https:\/\/wsrodnas.pl\/wp-content\/uploads\/2017\/03\/IMG_0463-768x576.jpg 768w, https:\/\/wsrodnas.pl\/wp-content\/uploads\/2017\/03\/IMG_0463-1024x768.jpg 1024w, https:\/\/wsrodnas.pl\/wp-content\/uploads\/2017\/03\/IMG_0463.jpg 2048w\" sizes=\"(max-width: 300px) 100vw, 300px\" \/><\/a>\u00a0 <a href=\"http:\/\/wsrodnas.pl\/wp-content\/uploads\/2017\/03\/IMG_0464.jpg\" rel=\"lightbox[553]\"><img loading=\"lazy\" decoding=\"async\" class=\"alignnone size-medium wp-image-559\" src=\"http:\/\/wsrodnas.pl\/wp-content\/uploads\/2017\/03\/IMG_0464-300x225.jpg\" alt=\"IMG_0464\" width=\"300\" height=\"225\" srcset=\"https:\/\/wsrodnas.pl\/wp-content\/uploads\/2017\/03\/IMG_0464-300x225.jpg 300w, https:\/\/wsrodnas.pl\/wp-content\/uploads\/2017\/03\/IMG_0464-768x576.jpg 768w, https:\/\/wsrodnas.pl\/wp-content\/uploads\/2017\/03\/IMG_0464-1024x768.jpg 1024w, https:\/\/wsrodnas.pl\/wp-content\/uploads\/2017\/03\/IMG_0464.jpg 2048w\" sizes=\"(max-width: 300px) 100vw, 300px\" \/><\/a><\/p>\n<p>&nbsp;<\/p>\n","protected":false},"excerpt":{"rendered":"<p>Podczas ferii zimowych odby\u0142y si\u0119 2 wyj\u015bcia stacjonarne na terenie Augustowa &#8211; seans Kr\u00f3lowa \u015aniegu 3 w Kinie Iskra oraz rozgrywki bowlingowe w Kr\u0119gielni Gara\u017c. Spo\u0142eczno\u015b\u0107 szko\u0142y wybra\u0142a si\u0119 na kulig do stadniny koni w \u017barnowie. Impreza wpisa\u0142a si\u0119 w realizacj\u0119 przez Stowarzyszenie Przyjaci\u00f3\u0142 Zespo\u0142u Szk\u00f3\u0142 Specjalnych \u201eW\u015br\u00f3d Nas\u201d zadania publicznego \u201eAktywni w ferie \u2013 [&hellip;]<\/p>\n","protected":false},"author":2,"featured_media":559,"comment_status":"closed","ping_status":"open","sticky":false,"template":"","format":"standard","meta":{"footnotes":""},"categories":[11,4,9],"tags":[],"_links":{"self":[{"href":"https:\/\/wsrodnas.pl\/index.php?rest_route=\/wp\/v2\/posts\/553"}],"collection":[{"href":"https:\/\/wsrodnas.pl\/index.php?rest_route=\/wp\/v2\/posts"}],"about":[{"href":"https:\/\/wsrodnas.pl\/index.php?rest_route=\/wp\/v2\/types\/post"}],"author":[{"embeddable":true,"href":"https:\/\/wsrodnas.pl\/index.php?rest_route=\/wp\/v2\/users\/2"}],"replies":[{"embeddable":true,"href":"https:\/\/wsrodnas.pl\/index.php?rest_route=%2Fwp%2Fv2%2Fcomments&post=553"}],"version-history":[{"count":1,"href":"https:\/\/wsrodnas.pl\/index.php?rest_route=\/wp\/v2\/posts\/553\/revisions"}],"predecessor-version":[{"id":995,"href":"https:\/\/wsrodnas.pl\/index.php?rest_route=\/wp\/v2\/posts\/553\/revisions\/995"}],"wp:featuredmedia":[{"embeddable":true,"href":"https:\/\/wsrodnas.pl\/index.php?rest_route=\/wp\/v2\/media\/559"}],"wp:attachment":[{"href":"https:\/\/wsrodnas.pl\/index.php?rest_route=%2Fwp%2Fv2%2Fmedia&parent=553"}],"wp:term":[{"taxonomy":"category","embeddable":true,"href":"https:\/\/wsrodnas.pl\/index.php?rest_route=%2Fwp%2Fv2%2Fcategories&post=553"},{"taxonomy":"post_tag","embeddable":true,"href":"https:\/\/wsrodnas.pl\/index.php?rest_route=%2Fwp%2Fv2%2Ftags&post=553"}],"curies":[{"name":"wp","href":"https:\/\/api.w.org\/{rel}","templated":true}]}}