{"id":543,"date":"2017-03-05T16:25:58","date_gmt":"2017-03-05T16:25:58","guid":{"rendered":"http:\/\/wsrodnas.pl\/?p=543"},"modified":"2021-11-29T14:51:56","modified_gmt":"2021-11-29T13:51:56","slug":"miedzynarodowy-dzien-osob-niepelnosprawnych","status":"publish","type":"post","link":"https:\/\/wsrodnas.pl\/?p=543","title":{"rendered":"Mi\u0119dzynarodowy Dzie\u0144 Os\u00f3b Niepe\u0142nosprawnych"},"content":{"rendered":"<p>Stowarzyszenie wspar\u0142o organizacyjnie i finansowo Mi\u0119dzynarodowy Dzie\u0144 Os\u00f3b Niepe\u0142nosprawnych.<\/p>\n<p>02 grudnia 2016 roku w auli Augustowskiego Centrum Edukacyjnego obchodzono Mi\u0119dzynarodowy Dzie\u0144 Os\u00f3b Niepe\u0142nosprawnych. Organizatorami uroczysto\u015bci byli Zesp\u00f3\u0142 Szk\u00f3\u0142 Specjalnych, Warsztat Terapii Zaj\u0119ciowej i \u015arodowiskowy Dom Samopomocy. Przygotowana impreza zintegrowa\u0142a ca\u0142\u0105 spo\u0142eczno\u015b\u0107 os\u00f3b niepe\u0142nosprawnych z naszego miasta i z powiatu. By\u0142a tak\u017ce szans\u0105 spotkania si\u0119 z osobami pe\u0142nosprawnymi, m. in. z m\u0142odzie\u017c\u0105 ze szk\u00f3\u0142 \u015brednich. Wszyscy dobrze i weso\u0142o bawili si\u0119 przy wyst\u0119pach gospodarzy uroczysto\u015bci oraz podczas koncert\u00f3w muzycznych: Ewy Hryniewickiej i uczni\u00f3w z II LO, przy widowisku w wykonaniu grupy teatralnej \u201eUskrzydleni\u201d ze szko\u0142y spo\u0142ecznej i w trakcie pokazu iluzjonisty, kt\u00f3ry zaczarowa\u0142 \u015bwiat i zaprosi\u0142 wszystkich w magiczn\u0105 podr\u00f3\u017c. D\u017awi\u0119ki muzyki pobudzi\u0142y pozytywne emocje i zach\u0119ci\u0142y do aktywnego ta\u0144ca najm\u0142odsze uczennice z naszej szko\u0142y. Mi\u0142\u0105 zabaw\u0119 zako\u0144czy\u0142 s\u0142odki pocz\u0119stunek przygotowany przez wszystkie plac\u00f3wki organizuj\u0105ce t\u0105 uroczysto\u015b\u0107.<\/p>\n<p><img decoding=\"async\" class=\"aligncenter\" src=\"http:\/\/zssaugustow.pl\/images\/stories\/zdjecia\/uroczystosci\/dscf0006 i  7 kopiowanie.jpg\" border=\"0\" \/><\/p>\n","protected":false},"excerpt":{"rendered":"<p>Stowarzyszenie wspar\u0142o organizacyjnie i finansowo Mi\u0119dzynarodowy Dzie\u0144 Os\u00f3b Niepe\u0142nosprawnych. 02 grudnia 2016 roku w auli Augustowskiego Centrum Edukacyjnego obchodzono Mi\u0119dzynarodowy Dzie\u0144 Os\u00f3b Niepe\u0142nosprawnych. Organizatorami uroczysto\u015bci byli Zesp\u00f3\u0142 Szk\u00f3\u0142 Specjalnych, Warsztat Terapii Zaj\u0119ciowej i \u015arodowiskowy Dom Samopomocy. Przygotowana impreza zintegrowa\u0142a ca\u0142\u0105 spo\u0142eczno\u015b\u0107 os\u00f3b niepe\u0142nosprawnych z naszego miasta i z powiatu. By\u0142a tak\u017ce szans\u0105 spotkania si\u0119 z [&hellip;]<\/p>\n","protected":false},"author":2,"featured_media":0,"comment_status":"closed","ping_status":"open","sticky":false,"template":"","format":"standard","meta":{"footnotes":""},"categories":[11,4],"tags":[],"_links":{"self":[{"href":"https:\/\/wsrodnas.pl\/index.php?rest_route=\/wp\/v2\/posts\/543"}],"collection":[{"href":"https:\/\/wsrodnas.pl\/index.php?rest_route=\/wp\/v2\/posts"}],"about":[{"href":"https:\/\/wsrodnas.pl\/index.php?rest_route=\/wp\/v2\/types\/post"}],"author":[{"embeddable":true,"href":"https:\/\/wsrodnas.pl\/index.php?rest_route=\/wp\/v2\/users\/2"}],"replies":[{"embeddable":true,"href":"https:\/\/wsrodnas.pl\/index.php?rest_route=%2Fwp%2Fv2%2Fcomments&post=543"}],"version-history":[{"count":1,"href":"https:\/\/wsrodnas.pl\/index.php?rest_route=\/wp\/v2\/posts\/543\/revisions"}],"predecessor-version":[{"id":998,"href":"https:\/\/wsrodnas.pl\/index.php?rest_route=\/wp\/v2\/posts\/543\/revisions\/998"}],"wp:attachment":[{"href":"https:\/\/wsrodnas.pl\/index.php?rest_route=%2Fwp%2Fv2%2Fmedia&parent=543"}],"wp:term":[{"taxonomy":"category","embeddable":true,"href":"https:\/\/wsrodnas.pl\/index.php?rest_route=%2Fwp%2Fv2%2Fcategories&post=543"},{"taxonomy":"post_tag","embeddable":true,"href":"https:\/\/wsrodnas.pl\/index.php?rest_route=%2Fwp%2Fv2%2Ftags&post=543"}],"curies":[{"name":"wp","href":"https:\/\/api.w.org\/{rel}","templated":true}]}}