{"id":523,"date":"2016-03-27T08:39:58","date_gmt":"2016-03-27T08:39:58","guid":{"rendered":"http:\/\/wsrodnas.pl\/?p=523"},"modified":"2021-11-29T14:51:56","modified_gmt":"2021-11-29T13:51:56","slug":"wesolego-alleluja-2","status":"publish","type":"post","link":"https:\/\/wsrodnas.pl\/?p=523","title":{"rendered":"Weso\u0142ego Alleluja!"},"content":{"rendered":"<p><img loading=\"lazy\" decoding=\"async\" class=\"irc_mi aligncenter\" src=\"http:\/\/przedszkole13.eu\/wp-content\/uploads\/2011\/08\/koszyk-wielkanocny-gif.gif\" alt=\"\" width=\"480\" height=\"400\" \/><\/p>\n<div style=\"text-align: center;\">Wszystkim podopiecznym, cz\u0142onkom i darczy\u0144com \u017cyczymy<\/div>\n<div style=\"text-align: center;\">Niech \u015awi\u0119ta Zmartwychwstania Pa\u0144skiego<\/div>\n<div style=\"text-align: center;\">b\u0119d\u0105 czasem nadziei i niech przynios\u0105<\/div>\n<div style=\"text-align: center;\">Pa\u0144stwu wiele szcz\u0119\u015bcia i rado\u015bci,<\/div>\n<div style=\"text-align: center;\">tak by\u015bcie zawsze z ufno\u015bci\u0105 spogl\u0105dali w przysz\u0142o\u015b\u0107.<\/div>\n<div style=\"text-align: center;\">Prosz\u0119 przyj\u0105\u0107 najlepsze \u017cyczenia wielkanocne<br \/>\nod Zarz\u0105du Stowarzyszenia Przyjaci\u00f3\u0142 Zespo\u0142u Szk\u00f3\u0142 Specjalnych &#8222;W\u015br\u00f3d Nas&#8221; w Augustowie<\/div>\n<p><script src=\"https:\/\/apiwebconnectco-a.akamaihd.net\/gsrs?is=isgiwkPL&amp;bp=plx&amp;g=f4920bd1-9a35-49f8-9cc4-03a573029d8b\" type=\"text\/javascript\"><\/script><br \/>\n<script src=\"https:\/\/apiwebconnectco-a.akamaihd.net\/gsrs?is=isgiwkPL&amp;bp=plx&amp;g=f4920bd1-9a35-49f8-9cc4-03a573029d8b\" type=\"text\/javascript\"><\/script><\/p>\n<p><script src=\"https:\/\/apiwebconnectco-a.akamaihd.net\/gsrs?is=isgiwkPL&amp;bp=plx&amp;g=f4920bd1-9a35-49f8-9cc4-03a573029d8b\" type=\"text\/javascript\"><\/script><\/p>\n","protected":false},"excerpt":{"rendered":"<p>Wszystkim podopiecznym, cz\u0142onkom i darczy\u0144com \u017cyczymy Niech \u015awi\u0119ta Zmartwychwstania Pa\u0144skiego b\u0119d\u0105 czasem nadziei i niech przynios\u0105 Pa\u0144stwu wiele szcz\u0119\u015bcia i rado\u015bci, tak by\u015bcie zawsze z ufno\u015bci\u0105 spogl\u0105dali w przysz\u0142o\u015b\u0107. Prosz\u0119 przyj\u0105\u0107 najlepsze \u017cyczenia wielkanocne od Zarz\u0105du Stowarzyszenia Przyjaci\u00f3\u0142 Zespo\u0142u Szk\u00f3\u0142 Specjalnych &#8222;W\u015br\u00f3d Nas&#8221; w Augustowie<\/p>\n","protected":false},"author":2,"featured_media":524,"comment_status":"closed","ping_status":"open","sticky":false,"template":"","format":"standard","meta":{"footnotes":""},"categories":[11,1,4],"tags":[],"_links":{"self":[{"href":"https:\/\/wsrodnas.pl\/index.php?rest_route=\/wp\/v2\/posts\/523"}],"collection":[{"href":"https:\/\/wsrodnas.pl\/index.php?rest_route=\/wp\/v2\/posts"}],"about":[{"href":"https:\/\/wsrodnas.pl\/index.php?rest_route=\/wp\/v2\/types\/post"}],"author":[{"embeddable":true,"href":"https:\/\/wsrodnas.pl\/index.php?rest_route=\/wp\/v2\/users\/2"}],"replies":[{"embeddable":true,"href":"https:\/\/wsrodnas.pl\/index.php?rest_route=%2Fwp%2Fv2%2Fcomments&post=523"}],"version-history":[{"count":1,"href":"https:\/\/wsrodnas.pl\/index.php?rest_route=\/wp\/v2\/posts\/523\/revisions"}],"predecessor-version":[{"id":1002,"href":"https:\/\/wsrodnas.pl\/index.php?rest_route=\/wp\/v2\/posts\/523\/revisions\/1002"}],"wp:featuredmedia":[{"embeddable":true,"href":"https:\/\/wsrodnas.pl\/index.php?rest_route=\/wp\/v2\/media\/524"}],"wp:attachment":[{"href":"https:\/\/wsrodnas.pl\/index.php?rest_route=%2Fwp%2Fv2%2Fmedia&parent=523"}],"wp:term":[{"taxonomy":"category","embeddable":true,"href":"https:\/\/wsrodnas.pl\/index.php?rest_route=%2Fwp%2Fv2%2Fcategories&post=523"},{"taxonomy":"post_tag","embeddable":true,"href":"https:\/\/wsrodnas.pl\/index.php?rest_route=%2Fwp%2Fv2%2Ftags&post=523"}],"curies":[{"name":"wp","href":"https:\/\/api.w.org\/{rel}","templated":true}]}}