{"id":480,"date":"2015-10-18T15:26:35","date_gmt":"2015-10-18T15:26:35","guid":{"rendered":"http:\/\/wsrodnas.pl\/?p=480"},"modified":"2021-11-29T14:52:36","modified_gmt":"2021-11-29T13:52:36","slug":"gizyckim-szlakiem","status":"publish","type":"post","link":"https:\/\/wsrodnas.pl\/?p=480","title":{"rendered":"Gi\u017cyckim szlakiem"},"content":{"rendered":"<p>Na pocz\u0105tku pa\u017adziernika (2 \u2013 3.10.2015) spo\u0142eczno\u015b\u0107 szkolna &#8211; uczniowie, absolwenci szko\u0142y oraz kilku rodzic\u00f3w i 5 nauczycieli wzi\u0119li udzia\u0142 w dwudniowym wyje\u017adzie do Gi\u017cycka. By\u0142o to mo\u017cliwe dzi\u0119ki wsp\u00f3\u0142pracy z Dyrektorem Szko\u0142y oraz pozyskaniu przez Zarz\u0105d Stowarzyszenia Przyjaci\u00f3\u0142 Zespo\u0142u Szk\u00f3\u0142 Specjalnych \u201eW\u015br\u00f3d Nas\u201d w Augustowie funduszy z Regionalnego O\u015brodka Polityki Spo\u0142ecznej w Bia\u0142ymstoku na realizacj\u0119 zadania publicznego \u201eChcie\u0107 to m\u00f3c &#8211; aktywnie i tw\u00f3rczo na \u0142onie natury\u201d. Zwiedzili\u015bmy miasto Gi\u017cycko \u2013 jego panoram\u0119 podziwiali\u015bmy z Wie\u017cy Ci\u015bnie\u0144, pospacerowali\u015bmy jego pi\u0119knymi uliczkami oraz tarasami widokowymi, z kt\u00f3rych jeziora rozpo\u015bciera\u0142y si\u0119 a\u017c po horyzont. Zobaczyli\u015bmy zamek krzy\u017cacki, kt\u00f3ry obecnie jest hotelem oraz unikatowy most obrotowy. Zwiedzanie Twierdzy Boyen wywar\u0142o na nas ogromne wra\u017cenie a nocleg oraz ognisko na jej terenie by\u0142o niecodziennym prze\u017cyciem. Kolejnego dnia atrakcj\u0105 by\u0142 3,5 godzinny rejs po Mazurskich Jeziorach na Wysp\u0119 Kormoran\u00f3w po\u0142\u0105czony z obiadem na pok\u0142adzie statku. Widoki krajobrazowe i przyrodnicze, szum wody, podziwianie \u017cagl\u00f3wek sun\u0105cych z wiatrem po jeziorach przenios\u0142o nas w troch\u0119 inny \u015bwiat. Zainspirowani mazurskimi krajobrazami uwiecznianymi na fotografiach wzi\u0119li\u015bmy udzia\u0142 w zaj\u0119ciach plastycznych, gdzie z przypraw usypywali\u015bmy r\u00f3\u017cne jesienne kompozycje. W drodze powrotnej odwiedzili\u015bmy Stary M\u0142yn w Upa\u0142tach, kt\u00f3ry gra\u0142 \u201erol\u0119\u201d tawerny w serialu TVP \u201ePrzysta\u0144\u201d. Mamy nadziej\u0119, \u017ce jeszcze kiedy\u015b powr\u00f3cimy do Gi\u017cycka i prze\u017cyjemy kolejne przygody.<\/p>\n<p><a href=\"http:\/\/wsrodnas.pl\/wp-content\/uploads\/2015\/10\/IMG_3773.jpg\" rel=\"lightbox[480]\"><img loading=\"lazy\" decoding=\"async\" class=\"alignnone size-medium wp-image-460\" src=\"http:\/\/wsrodnas.pl\/wp-content\/uploads\/2015\/10\/IMG_3773-300x225.jpg\" alt=\"IMG_3773\" width=\"300\" height=\"225\" srcset=\"https:\/\/wsrodnas.pl\/wp-content\/uploads\/2015\/10\/IMG_3773-300x225.jpg 300w, https:\/\/wsrodnas.pl\/wp-content\/uploads\/2015\/10\/IMG_3773-1024x768.jpg 1024w\" sizes=\"(max-width: 300px) 100vw, 300px\" \/>\u00a0\u00a0\u00a0\u00a0\u00a0 <\/a><a href=\"http:\/\/wsrodnas.pl\/wp-content\/uploads\/2015\/10\/IMG_3325.jpg\" rel=\"lightbox[480]\"><img loading=\"lazy\" decoding=\"async\" class=\"alignnone size-medium wp-image-484\" src=\"http:\/\/wsrodnas.pl\/wp-content\/uploads\/2015\/10\/IMG_3325-300x225.jpg\" alt=\"IMG_3325\" width=\"300\" height=\"225\" srcset=\"https:\/\/wsrodnas.pl\/wp-content\/uploads\/2015\/10\/IMG_3325-300x225.jpg 300w, https:\/\/wsrodnas.pl\/wp-content\/uploads\/2015\/10\/IMG_3325-1024x768.jpg 1024w\" sizes=\"(max-width: 300px) 100vw, 300px\" \/><\/a><\/p>\n<p><a href=\"http:\/\/wsrodnas.pl\/wp-content\/uploads\/2015\/10\/IMG_3419.jpg\" rel=\"lightbox[480]\"><img loading=\"lazy\" decoding=\"async\" class=\"alignnone size-medium wp-image-483\" src=\"http:\/\/wsrodnas.pl\/wp-content\/uploads\/2015\/10\/IMG_3419-300x225.jpg\" alt=\"IMG_3419\" width=\"300\" height=\"225\" srcset=\"https:\/\/wsrodnas.pl\/wp-content\/uploads\/2015\/10\/IMG_3419-300x225.jpg 300w, https:\/\/wsrodnas.pl\/wp-content\/uploads\/2015\/10\/IMG_3419-1024x768.jpg 1024w\" sizes=\"(max-width: 300px) 100vw, 300px\" \/><\/a>\u00a0\u00a0\u00a0\u00a0\u00a0\u00a0 <a href=\"http:\/\/wsrodnas.pl\/wp-content\/uploads\/2015\/10\/IMG_3338.jpg\" rel=\"lightbox[480]\"><img loading=\"lazy\" decoding=\"async\" class=\"alignnone size-medium wp-image-482\" src=\"http:\/\/wsrodnas.pl\/wp-content\/uploads\/2015\/10\/IMG_3338-300x225.jpg\" alt=\"IMG_3338\" width=\"300\" height=\"225\" srcset=\"https:\/\/wsrodnas.pl\/wp-content\/uploads\/2015\/10\/IMG_3338-300x225.jpg 300w, https:\/\/wsrodnas.pl\/wp-content\/uploads\/2015\/10\/IMG_3338-1024x768.jpg 1024w\" sizes=\"(max-width: 300px) 100vw, 300px\" \/><\/a><\/p>\n<p><a href=\"http:\/\/wsrodnas.pl\/wp-content\/uploads\/2015\/10\/IMG_3554.jpg\" rel=\"lightbox[480]\"><img loading=\"lazy\" decoding=\"async\" class=\"alignnone size-medium wp-image-481\" src=\"http:\/\/wsrodnas.pl\/wp-content\/uploads\/2015\/10\/IMG_3554-300x225.jpg\" alt=\"IMG_3554\" width=\"300\" height=\"225\" srcset=\"https:\/\/wsrodnas.pl\/wp-content\/uploads\/2015\/10\/IMG_3554-300x225.jpg 300w, https:\/\/wsrodnas.pl\/wp-content\/uploads\/2015\/10\/IMG_3554-1024x768.jpg 1024w\" sizes=\"(max-width: 300px) 100vw, 300px\" \/><\/a>\u00a0\u00a0\u00a0\u00a0 <a href=\"http:\/\/wsrodnas.pl\/wp-content\/uploads\/2015\/10\/IMG_3683.jpg\" rel=\"lightbox[480]\"><img loading=\"lazy\" decoding=\"async\" class=\"alignnone size-medium wp-image-464\" src=\"http:\/\/wsrodnas.pl\/wp-content\/uploads\/2015\/10\/IMG_3683-300x225.jpg\" alt=\"IMG_3683\" width=\"300\" height=\"225\" srcset=\"https:\/\/wsrodnas.pl\/wp-content\/uploads\/2015\/10\/IMG_3683-300x225.jpg 300w, https:\/\/wsrodnas.pl\/wp-content\/uploads\/2015\/10\/IMG_3683-1024x768.jpg 1024w\" sizes=\"(max-width: 300px) 100vw, 300px\" \/><\/a><\/p>\n<p><a href=\"http:\/\/wsrodnas.pl\/wp-content\/uploads\/2015\/10\/IMG_35461.jpg\" rel=\"lightbox[480]\"><img loading=\"lazy\" decoding=\"async\" class=\"alignnone size-medium wp-image-463\" src=\"http:\/\/wsrodnas.pl\/wp-content\/uploads\/2015\/10\/IMG_35461-225x300.jpg\" alt=\"IMG_3546\" width=\"225\" height=\"300\" srcset=\"https:\/\/wsrodnas.pl\/wp-content\/uploads\/2015\/10\/IMG_35461-225x300.jpg 225w, https:\/\/wsrodnas.pl\/wp-content\/uploads\/2015\/10\/IMG_35461-768x1024.jpg 768w\" sizes=\"(max-width: 225px) 100vw, 225px\" \/><\/a>\u00a0\u00a0\u00a0\u00a0\u00a0 <a href=\"http:\/\/wsrodnas.pl\/wp-content\/uploads\/2015\/10\/IMG_3748.jpg\" rel=\"lightbox[480]\"><img loading=\"lazy\" decoding=\"async\" class=\"alignnone size-medium wp-image-462\" src=\"http:\/\/wsrodnas.pl\/wp-content\/uploads\/2015\/10\/IMG_3748-300x225.jpg\" alt=\"IMG_3748\" width=\"300\" height=\"225\" srcset=\"https:\/\/wsrodnas.pl\/wp-content\/uploads\/2015\/10\/IMG_3748-300x225.jpg 300w, https:\/\/wsrodnas.pl\/wp-content\/uploads\/2015\/10\/IMG_3748-1024x768.jpg 1024w\" sizes=\"(max-width: 300px) 100vw, 300px\" \/><\/a><\/p>\n<p><a href=\"http:\/\/wsrodnas.pl\/wp-content\/uploads\/2015\/10\/IMG_3563.jpg\" rel=\"lightbox[480]\"><img loading=\"lazy\" decoding=\"async\" class=\"alignnone size-medium wp-image-461\" src=\"http:\/\/wsrodnas.pl\/wp-content\/uploads\/2015\/10\/IMG_3563-300x225.jpg\" alt=\"IMG_3563\" width=\"300\" height=\"225\" srcset=\"https:\/\/wsrodnas.pl\/wp-content\/uploads\/2015\/10\/IMG_3563-300x225.jpg 300w, https:\/\/wsrodnas.pl\/wp-content\/uploads\/2015\/10\/IMG_3563-1024x768.jpg 1024w\" sizes=\"(max-width: 300px) 100vw, 300px\" \/><\/a>\u00a0\u00a0\u00a0 <a href=\"http:\/\/wsrodnas.pl\/wp-content\/uploads\/2015\/10\/IMG_3452.jpg\" rel=\"lightbox[480]\"><img loading=\"lazy\" decoding=\"async\" class=\"alignnone size-medium wp-image-485\" src=\"http:\/\/wsrodnas.pl\/wp-content\/uploads\/2015\/10\/IMG_3452-300x225.jpg\" alt=\"IMG_3452\" width=\"300\" height=\"225\" srcset=\"https:\/\/wsrodnas.pl\/wp-content\/uploads\/2015\/10\/IMG_3452-300x225.jpg 300w, https:\/\/wsrodnas.pl\/wp-content\/uploads\/2015\/10\/IMG_3452-1024x768.jpg 1024w\" sizes=\"(max-width: 300px) 100vw, 300px\" \/><\/a><\/p>\n","protected":false},"excerpt":{"rendered":"<p>Na pocz\u0105tku pa\u017adziernika (2 \u2013 3.10.2015) spo\u0142eczno\u015b\u0107 szkolna &#8211; uczniowie, absolwenci szko\u0142y oraz kilku rodzic\u00f3w i 5 nauczycieli wzi\u0119li udzia\u0142 w dwudniowym wyje\u017adzie do Gi\u017cycka. By\u0142o to mo\u017cliwe dzi\u0119ki wsp\u00f3\u0142pracy z Dyrektorem Szko\u0142y oraz pozyskaniu przez Zarz\u0105d Stowarzyszenia Przyjaci\u00f3\u0142 Zespo\u0142u Szk\u00f3\u0142 Specjalnych \u201eW\u015br\u00f3d Nas\u201d w Augustowie funduszy z Regionalnego O\u015brodka Polityki Spo\u0142ecznej w Bia\u0142ymstoku na [&hellip;]<\/p>\n","protected":false},"author":2,"featured_media":460,"comment_status":"closed","ping_status":"open","sticky":false,"template":"","format":"standard","meta":{"footnotes":""},"categories":[11,4],"tags":[],"_links":{"self":[{"href":"https:\/\/wsrodnas.pl\/index.php?rest_route=\/wp\/v2\/posts\/480"}],"collection":[{"href":"https:\/\/wsrodnas.pl\/index.php?rest_route=\/wp\/v2\/posts"}],"about":[{"href":"https:\/\/wsrodnas.pl\/index.php?rest_route=\/wp\/v2\/types\/post"}],"author":[{"embeddable":true,"href":"https:\/\/wsrodnas.pl\/index.php?rest_route=\/wp\/v2\/users\/2"}],"replies":[{"embeddable":true,"href":"https:\/\/wsrodnas.pl\/index.php?rest_route=%2Fwp%2Fv2%2Fcomments&post=480"}],"version-history":[{"count":1,"href":"https:\/\/wsrodnas.pl\/index.php?rest_route=\/wp\/v2\/posts\/480\/revisions"}],"predecessor-version":[{"id":1005,"href":"https:\/\/wsrodnas.pl\/index.php?rest_route=\/wp\/v2\/posts\/480\/revisions\/1005"}],"wp:featuredmedia":[{"embeddable":true,"href":"https:\/\/wsrodnas.pl\/index.php?rest_route=\/wp\/v2\/media\/460"}],"wp:attachment":[{"href":"https:\/\/wsrodnas.pl\/index.php?rest_route=%2Fwp%2Fv2%2Fmedia&parent=480"}],"wp:term":[{"taxonomy":"category","embeddable":true,"href":"https:\/\/wsrodnas.pl\/index.php?rest_route=%2Fwp%2Fv2%2Fcategories&post=480"},{"taxonomy":"post_tag","embeddable":true,"href":"https:\/\/wsrodnas.pl\/index.php?rest_route=%2Fwp%2Fv2%2Ftags&post=480"}],"curies":[{"name":"wp","href":"https:\/\/api.w.org\/{rel}","templated":true}]}}