{"id":403,"date":"2015-01-22T19:30:32","date_gmt":"2015-01-22T19:30:32","guid":{"rendered":"http:\/\/wsrodnas.pl\/?p=403"},"modified":"2021-11-29T14:52:36","modified_gmt":"2021-11-29T13:52:36","slug":"zaproszenie-na-bal-karnawalowy","status":"publish","type":"post","link":"https:\/\/wsrodnas.pl\/?p=403","title":{"rendered":"Zaproszenie na bal karnawa\u0142owy"},"content":{"rendered":"<p style=\"text-align: center;\">\n<p style=\"text-align: center;\"><b><a href=\"http:\/\/wsrodnas.pl\/wp-content\/uploads\/2012\/09\/logostow1.jpg\" rel=\"lightbox[403]\"><img loading=\"lazy\" decoding=\"async\" class=\"alignnone size-medium wp-image-96\" alt=\"logostow\" src=\"http:\/\/wsrodnas.pl\/wp-content\/uploads\/2012\/09\/logostow1-300x262.jpg\" width=\"144\" height=\"125\" srcset=\"https:\/\/wsrodnas.pl\/wp-content\/uploads\/2012\/09\/logostow1-300x262.jpg 300w, https:\/\/wsrodnas.pl\/wp-content\/uploads\/2012\/09\/logostow1.jpg 526w\" sizes=\"(max-width: 144px) 100vw, 144px\" \/><\/a>\u00a0\u00a0 ZAPROSZENIE<\/b><\/p>\n<p style=\"text-align: center;\">Zarz\u0105d Stowarzyszenia Przyjaci\u00f3\u0142 Zespo\u0142u Szk\u00f3\u0142 Specjalnych \u201eW\u015aR\u00d3D NAS\u201d zaprasza na bal karnawa\u0142owy do Kompleksu Wypoczynkowo \u2013 Konferencyjnego <b><i>NAD NETT\u0104<\/i><\/b> przy ul. Portowej 3 \u00a0w Augustowie w dniu <b><i>06.02.2015<br \/>\n<\/i><\/b>w godzinach 16.00 \u2013 19.00.<\/p>\n<p style=\"text-align: center;\">\u00a0\u00a0\u00a0 Zg\u0142oszenia telefoniczne przyjmuje Halina Szulewska \u2013 510\u00a0952\u00a0535<\/p>\n<p style=\"text-align: center;\">\u00a0\u00a0\u00a0\u00a0\u00a0\u00a0\u00a0\u00a0\u00a0\u00a0\u00a0\u00a0\u00a0\u00a0\u00a0\u00a0\u00a0\u00a0\u00a0\u00a0\u00a0\u00a0\u00a0\u00a0\u00a0\u00a0\u00a0\u00a0\u00a0\u00a0\u00a0\u00a0\u00a0\u00a0\u00a0\u00a0\u00a0\u00a0\u00a0\u00a0\u00a0\u00a0\u00a0\u00a0\u00a0\u00a0\u00a0\u00a0\u00a0\u00a0\u00a0\u00a0\u00a0\u00a0\u00a0 \u00a0\u00a0\u00a0\u00a0\u00a0\u00a0\u00a0\u00a0\u00a0\u00a0 \u00a0 \u00a0 \u00a0 \u00a0 \u00a0 \u00a0 \u00a0 \u00a0 \u00a0 \u00a0 \u00a0 \u00a0 \u00a0\u00a0\u00a0\u00a0 Organizatorzy<\/p>\n<p style=\"text-align: center;\">\u00a0\u00a0\u00a0\u00a0\u00a0\u00a0\u00a0\u00a0\u00a0\u00a0\u00a0\u00a0\u00a0\u00a0\u00a0\u00a0\u00a0\u00a0\u00a0\u00a0\u00a0\u00a0\u00a0\u00a0\u00a0\u00a0\u00a0\u00a0\u00a0\u00a0\u00a0\u00a0\u00a0\u00a0\u00a0\u00a0\u00a0\u00a0\u00a0\u00a0\u00a0\u00a0\u00a0\u00a0\u00a0\u00a0\u00a0\u00a0\u00a0\u00a0\u00a0\u00a0\u00a0\u00a0\u00a0\u00a0\u00a0\u00a0\u00a0\u00a0\u00a0\u00a0\u00a0\u00a0\u00a0\u00a0\u00a0\u00a0\u00a0\u00a0\u00a0\u00a0\u00a0\u00a0\u00a0\u00a0\u00a0\u00a0\u00a0\u00a0\u00a0\u00a0\u00a0\u00a0\u00a0\u00a0\u00a0\u00a0\u00a0\u00a0\u00a0 Zarz\u0105d Stowarzyszenia<\/p>\n","protected":false},"excerpt":{"rendered":"<p>\u00a0\u00a0 ZAPROSZENIE Zarz\u0105d Stowarzyszenia Przyjaci\u00f3\u0142 Zespo\u0142u Szk\u00f3\u0142 Specjalnych \u201eW\u015aR\u00d3D NAS\u201d zaprasza na bal karnawa\u0142owy do Kompleksu Wypoczynkowo \u2013 Konferencyjnego NAD NETT\u0104 przy ul. Portowej 3 \u00a0w Augustowie w dniu 06.02.2015 w godzinach 16.00 \u2013 19.00. \u00a0\u00a0\u00a0 Zg\u0142oszenia telefoniczne przyjmuje Halina Szulewska \u2013 510\u00a0952\u00a0535 \u00a0\u00a0\u00a0\u00a0\u00a0\u00a0\u00a0\u00a0\u00a0\u00a0\u00a0\u00a0\u00a0\u00a0\u00a0\u00a0\u00a0\u00a0\u00a0\u00a0\u00a0\u00a0\u00a0\u00a0\u00a0\u00a0\u00a0\u00a0\u00a0\u00a0\u00a0\u00a0\u00a0\u00a0\u00a0\u00a0\u00a0\u00a0\u00a0\u00a0\u00a0\u00a0\u00a0\u00a0\u00a0\u00a0\u00a0\u00a0\u00a0\u00a0\u00a0\u00a0\u00a0\u00a0\u00a0 \u00a0\u00a0\u00a0\u00a0\u00a0\u00a0\u00a0\u00a0\u00a0\u00a0 \u00a0 \u00a0 \u00a0 \u00a0 \u00a0 \u00a0 \u00a0 \u00a0 \u00a0 \u00a0 [&hellip;]<\/p>\n","protected":false},"author":2,"featured_media":0,"comment_status":"closed","ping_status":"open","sticky":false,"template":"","format":"standard","meta":{"footnotes":""},"categories":[11,4],"tags":[],"_links":{"self":[{"href":"https:\/\/wsrodnas.pl\/index.php?rest_route=\/wp\/v2\/posts\/403"}],"collection":[{"href":"https:\/\/wsrodnas.pl\/index.php?rest_route=\/wp\/v2\/posts"}],"about":[{"href":"https:\/\/wsrodnas.pl\/index.php?rest_route=\/wp\/v2\/types\/post"}],"author":[{"embeddable":true,"href":"https:\/\/wsrodnas.pl\/index.php?rest_route=\/wp\/v2\/users\/2"}],"replies":[{"embeddable":true,"href":"https:\/\/wsrodnas.pl\/index.php?rest_route=%2Fwp%2Fv2%2Fcomments&post=403"}],"version-history":[{"count":1,"href":"https:\/\/wsrodnas.pl\/index.php?rest_route=\/wp\/v2\/posts\/403\/revisions"}],"predecessor-version":[{"id":1011,"href":"https:\/\/wsrodnas.pl\/index.php?rest_route=\/wp\/v2\/posts\/403\/revisions\/1011"}],"wp:attachment":[{"href":"https:\/\/wsrodnas.pl\/index.php?rest_route=%2Fwp%2Fv2%2Fmedia&parent=403"}],"wp:term":[{"taxonomy":"category","embeddable":true,"href":"https:\/\/wsrodnas.pl\/index.php?rest_route=%2Fwp%2Fv2%2Fcategories&post=403"},{"taxonomy":"post_tag","embeddable":true,"href":"https:\/\/wsrodnas.pl\/index.php?rest_route=%2Fwp%2Fv2%2Ftags&post=403"}],"curies":[{"name":"wp","href":"https:\/\/api.w.org\/{rel}","templated":true}]}}