{"id":395,"date":"2015-01-01T17:29:35","date_gmt":"2015-01-01T17:29:35","guid":{"rendered":"http:\/\/wsrodnas.pl\/?p=395"},"modified":"2021-11-29T14:52:36","modified_gmt":"2021-11-29T13:52:36","slug":"gramy-w-tej-samej-druzynie","status":"publish","type":"post","link":"https:\/\/wsrodnas.pl\/?p=395","title":{"rendered":"Gramy w tej samej dru\u017cynie"},"content":{"rendered":"<p>15.09.2014 rozpocz\u0119\u0142a si\u0119 realizacja projektu wsp\u00f3\u0142finansowanego przez Pa\u0144stwowy Fundusz Os\u00f3b Niepe\u0142nosprawnych i Regionalny O\u015brodek Polityki Spo\u0142ecznej pod tytu\u0142em &#8222;Gramy w tej samej dru\u017cynie&#8221; &#8211; rehabilitacja spo\u0142eczna os\u00f3b niepe\u0142nosprawnych intelektualnie i z autyzmem. W ramach projektu odbywaj\u0105 si\u0119 zaj\u0119cia\u00a0 indywidualne i grupowe, kt\u00f3rymi w sumie obj\u0119tych jest 16 podopiecznych Stowarzyszenia. uczestnicy bior\u0105 udzia\u0142 w wyj\u015bciach maj\u0105cych ich uspo\u0142ecznia\u0107 &#8211; wyj\u015bcie do Restauracji Hotelu Karmel (14.10.2014), wyj\u015bcie na kr\u0119gielni\u0119 (10.11.2014), wyj\u015bcia do\u00a0 Studia Zabaw Fantazja, Andrzejkowy wiecz\u00f3r wr\u00f3\u017cb i ta\u0144c\u00f3w w Restauracji\u00a0 Hotelu Karmel (28.11.20140 udzia\u0142 miko\u0142ajkowym w seansie w Kinie Iskra &#8211; &#8222;Wielka Sz\u00f3stka&#8221;\u00a0 (6.12.2014) oraz podsumowanie projektu po\u0142\u0105czone ze spotkaniem op\u0142atkowym w Hotelu Karmel (12.12.2014)<\/p>\n","protected":false},"excerpt":{"rendered":"<p>15.09.2014 rozpocz\u0119\u0142a si\u0119 realizacja projektu wsp\u00f3\u0142finansowanego przez Pa\u0144stwowy Fundusz Os\u00f3b Niepe\u0142nosprawnych i Regionalny O\u015brodek Polityki Spo\u0142ecznej pod tytu\u0142em &#8222;Gramy w tej samej dru\u017cynie&#8221; &#8211; rehabilitacja spo\u0142eczna os\u00f3b niepe\u0142nosprawnych intelektualnie i z autyzmem. W ramach projektu odbywaj\u0105 si\u0119 zaj\u0119cia\u00a0 indywidualne i grupowe, kt\u00f3rymi w sumie obj\u0119tych jest 16 podopiecznych Stowarzyszenia. uczestnicy bior\u0105 udzia\u0142 w wyj\u015bciach maj\u0105cych [&hellip;]<\/p>\n","protected":false},"author":2,"featured_media":0,"comment_status":"closed","ping_status":"open","sticky":false,"template":"","format":"standard","meta":{"footnotes":""},"categories":[11,4],"tags":[],"_links":{"self":[{"href":"https:\/\/wsrodnas.pl\/index.php?rest_route=\/wp\/v2\/posts\/395"}],"collection":[{"href":"https:\/\/wsrodnas.pl\/index.php?rest_route=\/wp\/v2\/posts"}],"about":[{"href":"https:\/\/wsrodnas.pl\/index.php?rest_route=\/wp\/v2\/types\/post"}],"author":[{"embeddable":true,"href":"https:\/\/wsrodnas.pl\/index.php?rest_route=\/wp\/v2\/users\/2"}],"replies":[{"embeddable":true,"href":"https:\/\/wsrodnas.pl\/index.php?rest_route=%2Fwp%2Fv2%2Fcomments&post=395"}],"version-history":[{"count":1,"href":"https:\/\/wsrodnas.pl\/index.php?rest_route=\/wp\/v2\/posts\/395\/revisions"}],"predecessor-version":[{"id":1013,"href":"https:\/\/wsrodnas.pl\/index.php?rest_route=\/wp\/v2\/posts\/395\/revisions\/1013"}],"wp:attachment":[{"href":"https:\/\/wsrodnas.pl\/index.php?rest_route=%2Fwp%2Fv2%2Fmedia&parent=395"}],"wp:term":[{"taxonomy":"category","embeddable":true,"href":"https:\/\/wsrodnas.pl\/index.php?rest_route=%2Fwp%2Fv2%2Fcategories&post=395"},{"taxonomy":"post_tag","embeddable":true,"href":"https:\/\/wsrodnas.pl\/index.php?rest_route=%2Fwp%2Fv2%2Ftags&post=395"}],"curies":[{"name":"wp","href":"https:\/\/api.w.org\/{rel}","templated":true}]}}