{"id":383,"date":"2014-07-15T06:50:14","date_gmt":"2014-07-15T06:50:14","guid":{"rendered":"http:\/\/wsrodnas.pl\/?p=383"},"modified":"2021-11-29T14:52:36","modified_gmt":"2021-11-29T13:52:36","slug":"stowarzyszenie-przyjaciol-zespolu-szkol-specjalnych-wsrod-nas-w-augustowie-rusza-z-wiosna-i-integruje-rodziny","status":"publish","type":"post","link":"https:\/\/wsrodnas.pl\/?p=383","title":{"rendered":"Stowarzyszenie Przyjaci\u00f3\u0142 Zespo\u0142u Szk\u00f3\u0142 Specjalnych \u201eW\u015br\u00f3d Nas\u201d w Augustowie rusza z wiosn\u0105 i integruje rodziny"},"content":{"rendered":"<p>Aktywno\u015b\u0107 cz\u0142onk\u00f3w Stowarzyszenia znowu na optymalnym poziomie! Starali\u015bmy si\u0119\u00a0 dzia\u0142a\u0107 niezale\u017cnie od pogody. Mieli\u015bmy energi\u0119 i ch\u0119\u0107 do pracy. W maju bie\u017c\u0105cego roku, w dniach 24-25, zorganizowali\u015bmy, kolejny ju\u017c, wyjazdowy plener fotograficzny. Tym razem miejscem spotkania by\u0142a Mikasz\u00f3wka. Pi\u0119kna i zielona. Urocza i go\u015bcinna. No i zadanie, kt\u00f3re mieli\u015bmy do wykonania w Puszczy Augustowskiej.\u00a0 To \u201epraca\u201d z aparatem. \u00a0Fotografowali\u015bmy las, kt\u00f3ry niemal na ka\u017cdym kroku \u201ezagl\u0105da\u0142\u201d w nasze obiektywy. Okolica te\u017c by\u0142a malownicza. Zwiedzali\u015bmy Mikasz\u00f3wk\u0119 i Ko\u015bci\u00f3\u0142 pod wezwaniem \u015bw. Marii Magdaleny. Ogl\u0105dali\u015bmy ukwiecone ogrody, a ich kolorowe bukiety pozosta\u0142y w naszej i aparat\u00f3w pami\u0119ci. Byli\u015bmy pod wra\u017ceniem \u017cycia w przyrodzie. Na zako\u0144czenie pierwszego dnia mi\u0142o by\u0142o spotka\u0107 si\u0119 z rodzinami przy ognisku, rozmawia\u0107, \u015bpiewa\u0107, puszcza\u0107 latawce i wsp\u00f3lnie piec kie\u0142bas\u0119.<\/p>\n<p>Ogromn\u0105 niespodziank\u0105 nast\u0119pnego dnia by\u0142 rejs gondol\u0105 na trasie Mikasz\u00f3wka \u2013 Paniewo \u2013 Mikasz\u00f3wka, po\u0142\u0105czony\u00a0 ze \u015bluzowaniem na \u015aluzie Perku\u0107. Rejs ufundowali pa\u0144stwo Beata i Zbigniew Korni\u0142owicz z Augustowa. Wyjazd do Mikasz\u00f3wki by\u0142 mo\u017cliwy dzi\u0119ki wsp\u00f3\u0142finansowaniu go przez Burmistrza Miasta Augustowa i Starost\u0119 Powiatu Augustowskiego.<\/p>\n<p>Bardzo dzi\u0119kujemy Staro\u015bcie\u00a0 Powiatu\u00a0 Augustowskiego za wsparcie finansowe dzi\u0119ki kt\u00f3remu mo\u017cliwe by\u0142o wzbogacenie obchod\u00f3w Dnia Dziecka naszym podopiecznym.<\/p>\n<p>Stowarzyszenie nadal dzia\u0142a! I korzysta z pi\u0119knej pogody, i pomocy finansowej Regionalnego O\u015brodka Polityki Spo\u0142ecznej w Bia\u0142ymstoku.\u00a0 W ramach XIII Podlaskich Dni Rodziny pod has\u0142em \u201eDu\u017ca rodzina \u2013 \u0142\u0105czy, uczy, wspiera\u201d 07.06.2014r. odby\u0142a si\u0119 wycieczka do Wilna. Wzi\u0119\u0142o w niej udzia\u0142 \u00a0rodziny z Augustowa i okolicznych miejscowo\u015bci. W sumie na Litw\u0119 wyjecha\u0142o 45 os\u00f3b. Poznawali\u015bmy kultur\u0119, obyczaje i krajobrazy litewskie. Wszystko co widzieli\u015bmy, utrwalili\u015bmy na zdj\u0119ciach. Zwiedzali\u015bmy\u00a0 Ostr\u0105 Bram\u0119, star\u00f3wk\u0119 wile\u0144sk\u0105, ko\u015bcio\u0142y i miejscowe cerkwie. Z G\u00f3ry Trzech Krzy\u017cy ogl\u0105dali\u015bmy panoram\u0119 Wilna. Widoki pi\u0119kne! Polecamy Wilno jako \u201ewytrawni\u201d znawcy \u0142adnych miejsc i przyrody. Zwiedzali\u015bmy te\u017c zamek w Trokach. Co tu m\u00f3wi\u0107, trzeba to zobaczy\u0107! Cho\u0107by na naszych fotografiach. Regionalne dania smakowa\u0142y bardzo. Zjedli\u015bmy obiad w Wilnie w restauracji \u201eDionizas\u201d. Dzi\u0119kujemy ROPS w Bia\u0142ymstoku za przekazane \u015brodki finansowe. Pomog\u0142y one Stowarzyszeniu zorganizowa\u0107 wyjazd os\u00f3b niepe\u0142nosprawnych wraz z rodzinami na Litw\u0119.<\/p>\n<p align=\"right\">Zarz\u0105d Stowarzyszenia Przyjaci\u00f3\u0142 ZSS \u201eW\u015br\u00f3d Nas\u201d w Augustowie<\/p>\n","protected":false},"excerpt":{"rendered":"<p>Aktywno\u015b\u0107 cz\u0142onk\u00f3w Stowarzyszenia znowu na optymalnym poziomie! Starali\u015bmy si\u0119\u00a0 dzia\u0142a\u0107 niezale\u017cnie od pogody. Mieli\u015bmy energi\u0119 i ch\u0119\u0107 do pracy. W maju bie\u017c\u0105cego roku, w dniach 24-25, zorganizowali\u015bmy, kolejny ju\u017c, wyjazdowy plener fotograficzny. Tym razem miejscem spotkania by\u0142a Mikasz\u00f3wka. Pi\u0119kna i zielona. Urocza i go\u015bcinna. No i zadanie, kt\u00f3re mieli\u015bmy do wykonania w Puszczy Augustowskiej.\u00a0 To [&hellip;]<\/p>\n","protected":false},"author":2,"featured_media":0,"comment_status":"closed","ping_status":"open","sticky":false,"template":"","format":"standard","meta":{"footnotes":""},"categories":[11,4],"tags":[],"_links":{"self":[{"href":"https:\/\/wsrodnas.pl\/index.php?rest_route=\/wp\/v2\/posts\/383"}],"collection":[{"href":"https:\/\/wsrodnas.pl\/index.php?rest_route=\/wp\/v2\/posts"}],"about":[{"href":"https:\/\/wsrodnas.pl\/index.php?rest_route=\/wp\/v2\/types\/post"}],"author":[{"embeddable":true,"href":"https:\/\/wsrodnas.pl\/index.php?rest_route=\/wp\/v2\/users\/2"}],"replies":[{"embeddable":true,"href":"https:\/\/wsrodnas.pl\/index.php?rest_route=%2Fwp%2Fv2%2Fcomments&post=383"}],"version-history":[{"count":1,"href":"https:\/\/wsrodnas.pl\/index.php?rest_route=\/wp\/v2\/posts\/383\/revisions"}],"predecessor-version":[{"id":1016,"href":"https:\/\/wsrodnas.pl\/index.php?rest_route=\/wp\/v2\/posts\/383\/revisions\/1016"}],"wp:attachment":[{"href":"https:\/\/wsrodnas.pl\/index.php?rest_route=%2Fwp%2Fv2%2Fmedia&parent=383"}],"wp:term":[{"taxonomy":"category","embeddable":true,"href":"https:\/\/wsrodnas.pl\/index.php?rest_route=%2Fwp%2Fv2%2Fcategories&post=383"},{"taxonomy":"post_tag","embeddable":true,"href":"https:\/\/wsrodnas.pl\/index.php?rest_route=%2Fwp%2Fv2%2Ftags&post=383"}],"curies":[{"name":"wp","href":"https:\/\/api.w.org\/{rel}","templated":true}]}}