{"id":340,"date":"2014-04-06T19:41:34","date_gmt":"2014-04-06T19:41:34","guid":{"rendered":"http:\/\/wsrodnas.pl\/?p=340"},"modified":"2021-11-29T14:52:36","modified_gmt":"2021-11-29T13:52:36","slug":"karol-ktory-zostal-swietym","status":"publish","type":"post","link":"https:\/\/wsrodnas.pl\/?p=340","title":{"rendered":"Karol, kt\u00f3ry zosta\u0142 \u015bwi\u0119tym"},"content":{"rendered":"<p>2.04.2014 w 9 rocznic\u0119 \u015bmierci Jana Paw\u0142a II, patrona szko\u0142y, uczniowie, nauczyciele i rodzice wzi\u0119li udzia\u0142 w wyj\u0105tkowym seansie filmowym. Najnowszy film o Wielkim Polaku, ze \u015bwietn\u0105 rol\u0105 Piotra Fronczewskiego by\u0142 lekcj\u0105 przypominaj\u0105c\u0105 nam najwa\u017cniejsze fakty z \u017cycia Papie\u017ca. dodatkowym walorem filmu by\u0142o jego uwsp\u00f3\u0142cze\u015bnienie, dostosowanie do potrzeb m\u0142odego widza oraz przeplatanie scen fabularnych z animacjami. Wyj\u015bcie do kina by\u0142o w cz\u0119\u015bci dofinansowane przez Zarz\u0105d Stowarzyszenia Przyjaci\u00f3\u0142 Zespo\u0142u Szk\u00f3\u0142 Specjalnych &#8222;W\u015br\u00f3d Nas&#8221; Serdeczne podzi\u0119kowania kierujemy do w\u0142a\u015bcieli Kina Iskra, Pa\u0144stwa R\u00f3\u0142kowskich, za \u017cyczliwo\u015b\u0107 i udzielony rabat.<\/p>\n<p><img decoding=\"async\" class=\"aligncenter\" alt=\"\" src=\"http:\/\/1.fwcdn.pl\/po\/30\/46\/703046\/7598568.3.jpg\" \/><\/p>\n","protected":false},"excerpt":{"rendered":"<p>2.04.2014 w 9 rocznic\u0119 \u015bmierci Jana Paw\u0142a II, patrona szko\u0142y, uczniowie, nauczyciele i rodzice wzi\u0119li udzia\u0142 w wyj\u0105tkowym seansie filmowym. Najnowszy film o Wielkim Polaku, ze \u015bwietn\u0105 rol\u0105 Piotra Fronczewskiego by\u0142 lekcj\u0105 przypominaj\u0105c\u0105 nam najwa\u017cniejsze fakty z \u017cycia Papie\u017ca. dodatkowym walorem filmu by\u0142o jego uwsp\u00f3\u0142cze\u015bnienie, dostosowanie do potrzeb m\u0142odego widza oraz przeplatanie scen fabularnych z [&hellip;]<\/p>\n","protected":false},"author":2,"featured_media":341,"comment_status":"closed","ping_status":"open","sticky":false,"template":"","format":"standard","meta":{"footnotes":""},"categories":[11,4],"tags":[],"_links":{"self":[{"href":"https:\/\/wsrodnas.pl\/index.php?rest_route=\/wp\/v2\/posts\/340"}],"collection":[{"href":"https:\/\/wsrodnas.pl\/index.php?rest_route=\/wp\/v2\/posts"}],"about":[{"href":"https:\/\/wsrodnas.pl\/index.php?rest_route=\/wp\/v2\/types\/post"}],"author":[{"embeddable":true,"href":"https:\/\/wsrodnas.pl\/index.php?rest_route=\/wp\/v2\/users\/2"}],"replies":[{"embeddable":true,"href":"https:\/\/wsrodnas.pl\/index.php?rest_route=%2Fwp%2Fv2%2Fcomments&post=340"}],"version-history":[{"count":1,"href":"https:\/\/wsrodnas.pl\/index.php?rest_route=\/wp\/v2\/posts\/340\/revisions"}],"predecessor-version":[{"id":1022,"href":"https:\/\/wsrodnas.pl\/index.php?rest_route=\/wp\/v2\/posts\/340\/revisions\/1022"}],"wp:featuredmedia":[{"embeddable":true,"href":"https:\/\/wsrodnas.pl\/index.php?rest_route=\/wp\/v2\/media\/341"}],"wp:attachment":[{"href":"https:\/\/wsrodnas.pl\/index.php?rest_route=%2Fwp%2Fv2%2Fmedia&parent=340"}],"wp:term":[{"taxonomy":"category","embeddable":true,"href":"https:\/\/wsrodnas.pl\/index.php?rest_route=%2Fwp%2Fv2%2Fcategories&post=340"},{"taxonomy":"post_tag","embeddable":true,"href":"https:\/\/wsrodnas.pl\/index.php?rest_route=%2Fwp%2Fv2%2Ftags&post=340"}],"curies":[{"name":"wp","href":"https:\/\/api.w.org\/{rel}","templated":true}]}}