{"id":259,"date":"2013-12-08T17:00:12","date_gmt":"2013-12-08T17:00:12","guid":{"rendered":"http:\/\/wsrodnas.pl\/?p=259"},"modified":"2021-11-29T14:52:45","modified_gmt":"2021-11-29T13:52:45","slug":"mikolajki-2013","status":"publish","type":"post","link":"https:\/\/wsrodnas.pl\/?p=259","title":{"rendered":"Miko\u0142ajki 2013"},"content":{"rendered":"<p>Obchody Miko\u0142ajek w tym roku uczniowie Szko\u0142y Podstawowej Nr 7 Specjalnej zacz\u0119li ju\u017c 5.12.2013 bior\u0105cudzia\u0142 w seansie filmowym &#8222;Kraina Lodu&#8221; w Kinie Iskra w Augustowie. Film animowany wszystkim bardzo przypad\u0142 do gustu i ju\u017c dopytuj\u0105 si\u0119 kiedy znowu wybierzemy si\u0119 do kina. uczniowie ponie\u015bli koszt w postaci 1z\u0142 od osoby, reszta zosta\u0142a zasponsorowana przez Zarz\u0105d Stowarzyszenia Przyjaci\u00f3\u0142 Zespo\u0142u Szk\u00f3\u0142 Specjalnych &#8222;W\u015br\u00f3d Nas&#8221;<\/p>\n<p><img decoding=\"async\" class=\"aligncenter\" title=\"Kraina lodu (2013)\" alt=\"Kraina lodu (2013)\" src=\"http:\/\/1.fwcdn.pl\/po\/19\/32\/651932\/7579505.6.jpg?l=1383748447000\" \/><\/p>\n","protected":false},"excerpt":{"rendered":"<p>Obchody Miko\u0142ajek w tym roku uczniowie Szko\u0142y Podstawowej Nr 7 Specjalnej zacz\u0119li ju\u017c 5.12.2013 bior\u0105cudzia\u0142 w seansie filmowym &#8222;Kraina Lodu&#8221; w Kinie Iskra w Augustowie. Film animowany wszystkim bardzo przypad\u0142 do gustu i ju\u017c dopytuj\u0105 si\u0119 kiedy znowu wybierzemy si\u0119 do kina. uczniowie ponie\u015bli koszt w postaci 1z\u0142 od osoby, reszta zosta\u0142a zasponsorowana przez Zarz\u0105d [&hellip;]<\/p>\n","protected":false},"author":2,"featured_media":266,"comment_status":"closed","ping_status":"open","sticky":false,"template":"","format":"standard","meta":{"footnotes":""},"categories":[11,4],"tags":[],"_links":{"self":[{"href":"https:\/\/wsrodnas.pl\/index.php?rest_route=\/wp\/v2\/posts\/259"}],"collection":[{"href":"https:\/\/wsrodnas.pl\/index.php?rest_route=\/wp\/v2\/posts"}],"about":[{"href":"https:\/\/wsrodnas.pl\/index.php?rest_route=\/wp\/v2\/types\/post"}],"author":[{"embeddable":true,"href":"https:\/\/wsrodnas.pl\/index.php?rest_route=\/wp\/v2\/users\/2"}],"replies":[{"embeddable":true,"href":"https:\/\/wsrodnas.pl\/index.php?rest_route=%2Fwp%2Fv2%2Fcomments&post=259"}],"version-history":[{"count":1,"href":"https:\/\/wsrodnas.pl\/index.php?rest_route=\/wp\/v2\/posts\/259\/revisions"}],"predecessor-version":[{"id":1028,"href":"https:\/\/wsrodnas.pl\/index.php?rest_route=\/wp\/v2\/posts\/259\/revisions\/1028"}],"wp:featuredmedia":[{"embeddable":true,"href":"https:\/\/wsrodnas.pl\/index.php?rest_route=\/wp\/v2\/media\/266"}],"wp:attachment":[{"href":"https:\/\/wsrodnas.pl\/index.php?rest_route=%2Fwp%2Fv2%2Fmedia&parent=259"}],"wp:term":[{"taxonomy":"category","embeddable":true,"href":"https:\/\/wsrodnas.pl\/index.php?rest_route=%2Fwp%2Fv2%2Fcategories&post=259"},{"taxonomy":"post_tag","embeddable":true,"href":"https:\/\/wsrodnas.pl\/index.php?rest_route=%2Fwp%2Fv2%2Ftags&post=259"}],"curies":[{"name":"wp","href":"https:\/\/api.w.org\/{rel}","templated":true}]}}