{"id":255,"date":"2013-12-01T19:02:07","date_gmt":"2013-12-01T19:02:07","guid":{"rendered":"http:\/\/wsrodnas.pl\/?p=255"},"modified":"2021-11-29T14:52:45","modified_gmt":"2021-11-29T13:52:45","slug":"andrzejki-2013","status":"publish","type":"post","link":"https:\/\/wsrodnas.pl\/?p=255","title":{"rendered":"Andrzejki 2013"},"content":{"rendered":"<p>30.11.2013 jak co roku odby\u0142y si\u0119 Andrzejki. W sali Osiedlowego Domu Kultury zebrali si\u0119 nas podopieczni, ich rodzice, opiekunowie, nauczyciele &#8211; cz\u0142onkowie Stowarzyszenia oraz nasi przyjaciele &#8211; Pani Krysia i Ma\u0142gosia &#8211; bibliotekarki Miejskiej Biblioteki Publicznej &#8211; oddzia\u0142u dla dzieci oraz Pani El\u017cbieta Kierklo wraz z uczniami klasy kt\u00f3rej jest wychowawczyni\u0105 w Szkole Podstawowej Nr 3.\u00a0 By\u0142y tradycyjne wr\u00f3\u017cby, zabawy taneczne i nie tylko, s\u0142odki pocz\u0119stunek, ta\u0144ce oraz mn\u00f3stwo \u015bmiechu i pozytywnej energii. Serdecznie dzi\u0119kujemy Panu Zdzis\u0142awowi Szorcowi -prezesowi Sp\u00f3\u0142dzielni Mieszkaniowej w Augustowie za bezp\u0142atne u\u017cyczenie sali, Pani Dorocie Rusieckiej za dobre ceny na owoce\u00a0 i cukierki oraz wszystkim wolontariuszom, opiekunom, nauczycielom\u00a0 &#8211; w szczeg\u00f3lno\u015bci Pani Iwonie Bagi\u0144skiej, kt\u00f3rzy przyczynili si\u0119 do tak fantastycznie przeprowadzonej imprezy.<\/p>\n<p><a href=\"http:\/\/wsrodnas.pl\/wp-content\/uploads\/2013\/12\/andrzejki-1n.jpg\" rel=\"lightbox[255]\"><img loading=\"lazy\" decoding=\"async\" class=\"alignnone size-medium wp-image-293\" alt=\"andrzejki 1n\" src=\"http:\/\/wsrodnas.pl\/wp-content\/uploads\/2013\/12\/andrzejki-1n-300x212.jpg\" width=\"300\" height=\"212\" srcset=\"https:\/\/wsrodnas.pl\/wp-content\/uploads\/2013\/12\/andrzejki-1n-300x212.jpg 300w, https:\/\/wsrodnas.pl\/wp-content\/uploads\/2013\/12\/andrzejki-1n-1024x724.jpg 1024w\" sizes=\"(max-width: 300px) 100vw, 300px\" \/><\/a>\u00a0\u00a0\u00a0\u00a0\u00a0\u00a0\u00a0\u00a0\u00a0 <a href=\"http:\/\/wsrodnas.pl\/wp-content\/uploads\/2013\/12\/andrzejki-2n.jpg\" rel=\"lightbox[255]\"><img loading=\"lazy\" decoding=\"async\" class=\"alignnone size-medium wp-image-294\" alt=\"andrzejki 2n\" src=\"http:\/\/wsrodnas.pl\/wp-content\/uploads\/2013\/12\/andrzejki-2n-300x212.jpg\" width=\"300\" height=\"212\" srcset=\"https:\/\/wsrodnas.pl\/wp-content\/uploads\/2013\/12\/andrzejki-2n-300x212.jpg 300w, https:\/\/wsrodnas.pl\/wp-content\/uploads\/2013\/12\/andrzejki-2n-1024x724.jpg 1024w\" sizes=\"(max-width: 300px) 100vw, 300px\" \/><\/a><\/p>\n<p><a href=\"http:\/\/wsrodnas.pl\/wp-content\/uploads\/2013\/12\/1980-01-01-00.00.50-3.jpg\" rel=\"lightbox[255]\"><img loading=\"lazy\" decoding=\"async\" class=\"alignnone size-medium wp-image-275\" alt=\"1980-01-01 00.00.50-3\" src=\"http:\/\/wsrodnas.pl\/wp-content\/uploads\/2013\/12\/1980-01-01-00.00.50-3-300x224.jpg\" width=\"300\" height=\"224\" srcset=\"https:\/\/wsrodnas.pl\/wp-content\/uploads\/2013\/12\/1980-01-01-00.00.50-3-300x224.jpg 300w, https:\/\/wsrodnas.pl\/wp-content\/uploads\/2013\/12\/1980-01-01-00.00.50-3-1024x768.jpg 1024w\" sizes=\"(max-width: 300px) 100vw, 300px\" \/><\/a>\u00a0\u00a0\u00a0\u00a0\u00a0\u00a0\u00a0 <a href=\"http:\/\/wsrodnas.pl\/wp-content\/uploads\/2013\/12\/1980-01-01-00.01.51-3.jpg\" rel=\"lightbox[255]\"><img loading=\"lazy\" decoding=\"async\" class=\"alignnone size-medium wp-image-279\" alt=\"1980-01-01 00.01.51-3\" src=\"http:\/\/wsrodnas.pl\/wp-content\/uploads\/2013\/12\/1980-01-01-00.01.51-3-300x224.jpg\" width=\"300\" height=\"224\" srcset=\"https:\/\/wsrodnas.pl\/wp-content\/uploads\/2013\/12\/1980-01-01-00.01.51-3-300x224.jpg 300w, https:\/\/wsrodnas.pl\/wp-content\/uploads\/2013\/12\/1980-01-01-00.01.51-3-1024x768.jpg 1024w\" sizes=\"(max-width: 300px) 100vw, 300px\" \/><\/a><\/p>\n<p>&nbsp;<\/p>\n<p><a href=\"http:\/\/wsrodnas.pl\/wp-content\/uploads\/2013\/12\/1980-01-01-00.00.05-11.jpg\" rel=\"lightbox[255]\"><img loading=\"lazy\" decoding=\"async\" class=\"alignnone size-medium wp-image-278\" alt=\"1980-01-01 00.00.05-11\" src=\"http:\/\/wsrodnas.pl\/wp-content\/uploads\/2013\/12\/1980-01-01-00.00.05-11-300x224.jpg\" width=\"305\" height=\"227\" \/>\u00a0\u00a0\u00a0\u00a0 <\/a><a href=\"http:\/\/wsrodnas.pl\/wp-content\/uploads\/2013\/12\/1980-01-01-00.00.33-4.jpg\" rel=\"lightbox[255]\"><img loading=\"lazy\" decoding=\"async\" class=\"alignnone size-medium wp-image-281\" alt=\"1980-01-01 00.00.33-4\" src=\"http:\/\/wsrodnas.pl\/wp-content\/uploads\/2013\/12\/1980-01-01-00.00.33-4-224x300.jpg\" width=\"224\" height=\"300\" srcset=\"https:\/\/wsrodnas.pl\/wp-content\/uploads\/2013\/12\/1980-01-01-00.00.33-4-224x300.jpg 224w, https:\/\/wsrodnas.pl\/wp-content\/uploads\/2013\/12\/1980-01-01-00.00.33-4-768x1024.jpg 768w, https:\/\/wsrodnas.pl\/wp-content\/uploads\/2013\/12\/1980-01-01-00.00.33-4.jpg 1704w\" sizes=\"(max-width: 224px) 100vw, 224px\" \/><\/a><\/p>\n<p><a href=\"http:\/\/wsrodnas.pl\/wp-content\/uploads\/2013\/12\/1980-01-01-00.01.26-4.jpg\" rel=\"lightbox[255]\"><img loading=\"lazy\" decoding=\"async\" class=\"alignnone size-medium wp-image-282\" alt=\"1980-01-01 00.01.26-4\" src=\"http:\/\/wsrodnas.pl\/wp-content\/uploads\/2013\/12\/1980-01-01-00.01.26-4-224x300.jpg\" width=\"224\" height=\"300\" srcset=\"https:\/\/wsrodnas.pl\/wp-content\/uploads\/2013\/12\/1980-01-01-00.01.26-4-224x300.jpg 224w, https:\/\/wsrodnas.pl\/wp-content\/uploads\/2013\/12\/1980-01-01-00.01.26-4-768x1024.jpg 768w, https:\/\/wsrodnas.pl\/wp-content\/uploads\/2013\/12\/1980-01-01-00.01.26-4.jpg 1704w\" sizes=\"(max-width: 224px) 100vw, 224px\" \/><\/a>\u00a0\u00a0\u00a0\u00a0\u00a0\u00a0\u00a0\u00a0\u00a0\u00a0\u00a0\u00a0\u00a0 <a href=\"http:\/\/wsrodnas.pl\/wp-content\/uploads\/2013\/12\/1980-01-01-00.04.19-1.jpg\" rel=\"lightbox[255]\"><img loading=\"lazy\" decoding=\"async\" class=\"alignnone size-medium wp-image-283\" alt=\"1980-01-01 00.04.19-1\" src=\"http:\/\/wsrodnas.pl\/wp-content\/uploads\/2013\/12\/1980-01-01-00.04.19-1-300x224.jpg\" width=\"300\" height=\"224\" srcset=\"https:\/\/wsrodnas.pl\/wp-content\/uploads\/2013\/12\/1980-01-01-00.04.19-1-300x224.jpg 300w, https:\/\/wsrodnas.pl\/wp-content\/uploads\/2013\/12\/1980-01-01-00.04.19-1-1024x768.jpg 1024w\" sizes=\"(max-width: 300px) 100vw, 300px\" \/><\/a><\/p>\n","protected":false},"excerpt":{"rendered":"<p>30.11.2013 jak co roku odby\u0142y si\u0119 Andrzejki. W sali Osiedlowego Domu Kultury zebrali si\u0119 nas podopieczni, ich rodzice, opiekunowie, nauczyciele &#8211; cz\u0142onkowie Stowarzyszenia oraz nasi przyjaciele &#8211; Pani Krysia i Ma\u0142gosia &#8211; bibliotekarki Miejskiej Biblioteki Publicznej &#8211; oddzia\u0142u dla dzieci oraz Pani El\u017cbieta Kierklo wraz z uczniami klasy kt\u00f3rej jest wychowawczyni\u0105 w Szkole Podstawowej Nr [&hellip;]<\/p>\n","protected":false},"author":2,"featured_media":262,"comment_status":"closed","ping_status":"open","sticky":false,"template":"","format":"standard","meta":{"footnotes":""},"categories":[11,4],"tags":[],"_links":{"self":[{"href":"https:\/\/wsrodnas.pl\/index.php?rest_route=\/wp\/v2\/posts\/255"}],"collection":[{"href":"https:\/\/wsrodnas.pl\/index.php?rest_route=\/wp\/v2\/posts"}],"about":[{"href":"https:\/\/wsrodnas.pl\/index.php?rest_route=\/wp\/v2\/types\/post"}],"author":[{"embeddable":true,"href":"https:\/\/wsrodnas.pl\/index.php?rest_route=\/wp\/v2\/users\/2"}],"replies":[{"embeddable":true,"href":"https:\/\/wsrodnas.pl\/index.php?rest_route=%2Fwp%2Fv2%2Fcomments&post=255"}],"version-history":[{"count":1,"href":"https:\/\/wsrodnas.pl\/index.php?rest_route=\/wp\/v2\/posts\/255\/revisions"}],"predecessor-version":[{"id":1029,"href":"https:\/\/wsrodnas.pl\/index.php?rest_route=\/wp\/v2\/posts\/255\/revisions\/1029"}],"wp:featuredmedia":[{"embeddable":true,"href":"https:\/\/wsrodnas.pl\/index.php?rest_route=\/wp\/v2\/media\/262"}],"wp:attachment":[{"href":"https:\/\/wsrodnas.pl\/index.php?rest_route=%2Fwp%2Fv2%2Fmedia&parent=255"}],"wp:term":[{"taxonomy":"category","embeddable":true,"href":"https:\/\/wsrodnas.pl\/index.php?rest_route=%2Fwp%2Fv2%2Fcategories&post=255"},{"taxonomy":"post_tag","embeddable":true,"href":"https:\/\/wsrodnas.pl\/index.php?rest_route=%2Fwp%2Fv2%2Ftags&post=255"}],"curies":[{"name":"wp","href":"https:\/\/api.w.org\/{rel}","templated":true}]}}