{"id":210,"date":"2012-10-25T18:24:05","date_gmt":"2012-10-25T18:24:05","guid":{"rendered":"http:\/\/wsrodnas.pl\/?p=210"},"modified":"2021-11-29T14:52:45","modified_gmt":"2021-11-29T13:52:45","slug":"ciekawi-swiata-ludzi-siebie","status":"publish","type":"post","link":"https:\/\/wsrodnas.pl\/?p=210","title":{"rendered":"&#8222;Ciekawi \u015bwiata, ludzi, siebie&#8221;"},"content":{"rendered":"<p>Zatrzyman\u0105 histori\u0119 miasta mieszka\u0144cy Augustowa mogli obejrze\u0107 podczas<br \/>\nwernisa\u017cu, kt\u00f3ry odby\u0142 si\u0119 w Miejskim Domu Kultury <strong>04.11.2011r.<\/strong> pod<br \/>\nnazw\u0105 <strong>&#8222;Ciekawi\u00a0<\/strong><strong> \u015bwiata, l<\/strong><strong>udzi, siebie&#8221;<\/strong>. Inspiruj\u0105cy tytu\u0142 wernisa\u017cu, bo<br \/>\ni inspiruj\u0105cy &#8222;arty\u015bci&#8221; wykonali fotografie. &#8222;Zakr\u0119ceni&#8221; nauczyciele<br \/>\npozytywnie &#8222;zakr\u0119cili&#8221; uczniami i ukazali im rado\u015b\u0107, jak\u0105 mog\u0105 czerpa\u0107<br \/>\nz tego co robi\u0105. S\u0142owa uznania zwiedzaj\u0105cych wystaw\u0119 by\u0142y najlepsz\u0105<br \/>\nocen\u0105 ich umiej\u0119tno\u015bci i zaanga\u017cowania w nauk\u0119 i w prac\u0119. Ogromne<br \/>\ngratulacje nale\u017c\u0105 si\u0119 naszej m\u0142odzie\u017cy niepe\u0142nosprawnej &#8211; pokazuje<br \/>\npi\u0119kno otoczenia, ocala od zapomnienia chwile, na kt\u00f3re czasami nikt<br \/>\nnie zwraca uwagi. &#8222;Fotografia zamkni\u0119ta w szufladzie nie istnieje&#8221; i<br \/>\ntaka jest prawda. Kunszt naszych umiej\u0119tno\u015bci wysoko ocenili Pa\u0144stwo Ma\u0142gorzata i Grzegorz Che\u0142mi\u0144scy ze Studia XXI w Augustowie. Bardzo dzi\u0119kujemy za obecno\u015b\u0107 i s\u0142owa wsparcia Panu Staro\u015bcie Franciszkowi Wi\u015bniewskiemu obecnemu na wernisa\u017cu wraz z ma\u0142\u017conk\u0105. Pan Starosta chc\u0105c doceni\u0107 nasz\u0105 5 letni\u0105 prac\u0119, podarowa\u0142 1000z\u0142 z przeznaczeniem na wybrany i potrzebny sprz\u0119t. Dzi\u0119kujemy!<\/p>\n","protected":false},"excerpt":{"rendered":"<p>Zatrzyman\u0105 histori\u0119 miasta mieszka\u0144cy Augustowa mogli obejrze\u0107 podczas wernisa\u017cu, kt\u00f3ry odby\u0142 si\u0119 w Miejskim Domu Kultury 04.11.2011r. pod nazw\u0105 &#8222;Ciekawi\u00a0 \u015bwiata, ludzi, siebie&#8221;. Inspiruj\u0105cy tytu\u0142 wernisa\u017cu, bo i inspiruj\u0105cy &#8222;arty\u015bci&#8221; wykonali fotografie. &#8222;Zakr\u0119ceni&#8221; nauczyciele pozytywnie &#8222;zakr\u0119cili&#8221; uczniami i ukazali im rado\u015b\u0107, jak\u0105 mog\u0105 czerpa\u0107 z tego co robi\u0105. S\u0142owa uznania zwiedzaj\u0105cych wystaw\u0119 by\u0142y najlepsz\u0105 ocen\u0105 [&hellip;]<\/p>\n","protected":false},"author":2,"featured_media":0,"comment_status":"closed","ping_status":"open","sticky":false,"template":"","format":"standard","meta":{"footnotes":""},"categories":[11,4],"tags":[],"_links":{"self":[{"href":"https:\/\/wsrodnas.pl\/index.php?rest_route=\/wp\/v2\/posts\/210"}],"collection":[{"href":"https:\/\/wsrodnas.pl\/index.php?rest_route=\/wp\/v2\/posts"}],"about":[{"href":"https:\/\/wsrodnas.pl\/index.php?rest_route=\/wp\/v2\/types\/post"}],"author":[{"embeddable":true,"href":"https:\/\/wsrodnas.pl\/index.php?rest_route=\/wp\/v2\/users\/2"}],"replies":[{"embeddable":true,"href":"https:\/\/wsrodnas.pl\/index.php?rest_route=%2Fwp%2Fv2%2Fcomments&post=210"}],"version-history":[{"count":1,"href":"https:\/\/wsrodnas.pl\/index.php?rest_route=\/wp\/v2\/posts\/210\/revisions"}],"predecessor-version":[{"id":1037,"href":"https:\/\/wsrodnas.pl\/index.php?rest_route=\/wp\/v2\/posts\/210\/revisions\/1037"}],"wp:attachment":[{"href":"https:\/\/wsrodnas.pl\/index.php?rest_route=%2Fwp%2Fv2%2Fmedia&parent=210"}],"wp:term":[{"taxonomy":"category","embeddable":true,"href":"https:\/\/wsrodnas.pl\/index.php?rest_route=%2Fwp%2Fv2%2Fcategories&post=210"},{"taxonomy":"post_tag","embeddable":true,"href":"https:\/\/wsrodnas.pl\/index.php?rest_route=%2Fwp%2Fv2%2Ftags&post=210"}],"curies":[{"name":"wp","href":"https:\/\/api.w.org\/{rel}","templated":true}]}}