{"id":196,"date":"2012-10-25T17:56:33","date_gmt":"2012-10-25T17:56:33","guid":{"rendered":"http:\/\/wsrodnas.pl\/?p=196"},"modified":"2021-11-29T14:52:45","modified_gmt":"2021-11-29T13:52:45","slug":"rzezba-w-puszczy","status":"publish","type":"post","link":"https:\/\/wsrodnas.pl\/?p=196","title":{"rendered":"Rze\u017aba w Puszczy"},"content":{"rendered":"<p><strong>25.05.2011r<\/strong>. grupa 15 uczni\u00f3w pod opiek\u0105 5 opiekun\u00f3w i 7 rodzic\u00f3w<br \/>\nwybra\u0142a si\u0119 na wycieczk\u0119 do Studzienicznej. Chcieli\u015bmy pozna\u0107 \u015bcie\u017ck\u0119<br \/>\nedukacyjn\u0105 &#8222;Rze\u017aba w puszczy&#8221;. Na le\u015bnej \u015bcie\u017cce zobaczyli\u015bmy rze\u017aby<br \/>\nwykonane przez polskich artyst\u00f3w i mistrz\u00f3w d\u0142uta z innych kraj\u00f3w<br \/>\nEuropy. Spotkali\u015bmy te\u017c wr\u00f3\u017ck\u0119 &#8211; Pani\u0105 Barbar\u0119 Ostaszewsk\u0105. Niespodzianka, prawda? Przywita\u0142a nas<br \/>\nd\u017awi\u0119kami b\u0119bna, kt\u00f3rego g\u0142os ni\u00f3s\u0142 si\u0119 po lesie. Wr\u00f3\u017cka by\u0142a bardzo<br \/>\ntajemnicza. Zapowiedzia\u0142a, \u017ce czeka na nas rycerz. Czy m\u00f3g\u0142 to<br \/>\nby\u0107 rycerz Puszczy Augustowskiej? Robi\u0142o si\u0119 ciekawie. Chcieli\u015bmy go<br \/>\njak najszybciej pozna\u0107. Przebrani za zwierz\u0119ta lub inne postaci z bajek wyruszyli\u015bmy szuka\u0107 rycerza.<br \/>\nSpotkali\u015bmy go! To nasz nowy kolega: Dawid, r\u00f3wnie\u017c tak jak my by\u0142 w<br \/>\nprzebraniu. Patrz\u0105c na rze\u017aby i s\u0142uchaj\u0105c wr\u00f3\u017cki, postanowili\u015bmy przy<br \/>\nka\u017cdej rze\u017abie napisa\u0107 kilka kr\u00f3tkich wierszyk\u00f3w. Zostali\u015bmy ma\u0142ymi<br \/>\ntw\u00f3rcami literackimi.<br \/>\n<strong><a href=\"http:\/\/wsrodnas.pl\/wp-content\/uploads\/2012\/10\/fotki004.jpg\" rel=\"lightbox[196]\"><img loading=\"lazy\" decoding=\"async\" class=\"alignnone size-medium wp-image-197\" title=\"rze\u017aba w Puszczy\" alt=\"\" src=\"http:\/\/wsrodnas.pl\/wp-content\/uploads\/2012\/10\/fotki004-300x225.jpg\" width=\"300\" height=\"225\" srcset=\"https:\/\/wsrodnas.pl\/wp-content\/uploads\/2012\/10\/fotki004-300x225.jpg 300w, https:\/\/wsrodnas.pl\/wp-content\/uploads\/2012\/10\/fotki004-1024x768.jpg 1024w\" sizes=\"(max-width: 300px) 100vw, 300px\" \/><\/a><\/strong><a href=\"http:\/\/wsrodnas.pl\/wp-content\/uploads\/2012\/10\/fotki013.jpg\" rel=\"lightbox[196]\"><img loading=\"lazy\" decoding=\"async\" class=\"alignnone size-medium wp-image-198\" title=\"Rze\u017aba w Puszczy\" alt=\"\" src=\"http:\/\/wsrodnas.pl\/wp-content\/uploads\/2012\/10\/fotki013-300x225.jpg\" width=\"300\" height=\"225\" srcset=\"https:\/\/wsrodnas.pl\/wp-content\/uploads\/2012\/10\/fotki013-300x225.jpg 300w, https:\/\/wsrodnas.pl\/wp-content\/uploads\/2012\/10\/fotki013-1024x768.jpg 1024w\" sizes=\"(max-width: 300px) 100vw, 300px\" \/><\/a><a href=\"http:\/\/wsrodnas.pl\/wp-content\/uploads\/2012\/10\/fotki006.jpg\" rel=\"lightbox[196]\"><img loading=\"lazy\" decoding=\"async\" class=\"alignnone size-medium wp-image-199\" title=\"Rze\u017aba w Puszczy\" alt=\"\" src=\"http:\/\/wsrodnas.pl\/wp-content\/uploads\/2012\/10\/fotki006-300x225.jpg\" width=\"300\" height=\"225\" srcset=\"https:\/\/wsrodnas.pl\/wp-content\/uploads\/2012\/10\/fotki006-300x225.jpg 300w, https:\/\/wsrodnas.pl\/wp-content\/uploads\/2012\/10\/fotki006-1024x768.jpg 1024w\" sizes=\"(max-width: 300px) 100vw, 300px\" \/><\/a><a href=\"http:\/\/wsrodnas.pl\/wp-content\/uploads\/2012\/10\/fotki003.jpg\" rel=\"lightbox[196]\"><img loading=\"lazy\" decoding=\"async\" class=\"alignnone size-medium wp-image-200\" title=\"Rze\u017aba w Puszczy\" alt=\"\" src=\"http:\/\/wsrodnas.pl\/wp-content\/uploads\/2012\/10\/fotki003-300x225.jpg\" width=\"300\" height=\"225\" srcset=\"https:\/\/wsrodnas.pl\/wp-content\/uploads\/2012\/10\/fotki003-300x225.jpg 300w, https:\/\/wsrodnas.pl\/wp-content\/uploads\/2012\/10\/fotki003-1024x768.jpg 1024w\" sizes=\"(max-width: 300px) 100vw, 300px\" \/><\/a><\/p>\n","protected":false},"excerpt":{"rendered":"<p>25.05.2011r. grupa 15 uczni\u00f3w pod opiek\u0105 5 opiekun\u00f3w i 7 rodzic\u00f3w wybra\u0142a si\u0119 na wycieczk\u0119 do Studzienicznej. Chcieli\u015bmy pozna\u0107 \u015bcie\u017ck\u0119 edukacyjn\u0105 &#8222;Rze\u017aba w puszczy&#8221;. Na le\u015bnej \u015bcie\u017cce zobaczyli\u015bmy rze\u017aby wykonane przez polskich artyst\u00f3w i mistrz\u00f3w d\u0142uta z innych kraj\u00f3w Europy. Spotkali\u015bmy te\u017c wr\u00f3\u017ck\u0119 &#8211; Pani\u0105 Barbar\u0119 Ostaszewsk\u0105. Niespodzianka, prawda? Przywita\u0142a nas d\u017awi\u0119kami b\u0119bna, kt\u00f3rego g\u0142os [&hellip;]<\/p>\n","protected":false},"author":2,"featured_media":0,"comment_status":"closed","ping_status":"open","sticky":false,"template":"","format":"standard","meta":{"footnotes":""},"categories":[11,4],"tags":[],"_links":{"self":[{"href":"https:\/\/wsrodnas.pl\/index.php?rest_route=\/wp\/v2\/posts\/196"}],"collection":[{"href":"https:\/\/wsrodnas.pl\/index.php?rest_route=\/wp\/v2\/posts"}],"about":[{"href":"https:\/\/wsrodnas.pl\/index.php?rest_route=\/wp\/v2\/types\/post"}],"author":[{"embeddable":true,"href":"https:\/\/wsrodnas.pl\/index.php?rest_route=\/wp\/v2\/users\/2"}],"replies":[{"embeddable":true,"href":"https:\/\/wsrodnas.pl\/index.php?rest_route=%2Fwp%2Fv2%2Fcomments&post=196"}],"version-history":[{"count":1,"href":"https:\/\/wsrodnas.pl\/index.php?rest_route=\/wp\/v2\/posts\/196\/revisions"}],"predecessor-version":[{"id":1040,"href":"https:\/\/wsrodnas.pl\/index.php?rest_route=\/wp\/v2\/posts\/196\/revisions\/1040"}],"wp:attachment":[{"href":"https:\/\/wsrodnas.pl\/index.php?rest_route=%2Fwp%2Fv2%2Fmedia&parent=196"}],"wp:term":[{"taxonomy":"category","embeddable":true,"href":"https:\/\/wsrodnas.pl\/index.php?rest_route=%2Fwp%2Fv2%2Fcategories&post=196"},{"taxonomy":"post_tag","embeddable":true,"href":"https:\/\/wsrodnas.pl\/index.php?rest_route=%2Fwp%2Fv2%2Ftags&post=196"}],"curies":[{"name":"wp","href":"https:\/\/api.w.org\/{rel}","templated":true}]}}