{"id":1764,"date":"2025-06-08T16:21:21","date_gmt":"2025-06-08T15:21:21","guid":{"rendered":"https:\/\/wsrodnas.pl\/?p=1764"},"modified":"2025-06-08T17:40:19","modified_gmt":"2025-06-08T16:40:19","slug":"wyprawa-do-bialegostoku","status":"publish","type":"post","link":"https:\/\/wsrodnas.pl\/?p=1764","title":{"rendered":"Wyprawa do Bia\u0142egostoku"},"content":{"rendered":"\n<p class=\"has-text-align-center\">4.06.2025 udali\u015bmy si\u0119 na wycieczk\u0119 do Bia\u0142egostoku, zorganizowan\u0105 przez Stowarzyszenie Przyjaci\u00f3\u0142 Zespo\u0142u Szk\u00f3\u0142 Specjalnych \u201eW\u015br\u00f3d Nas\u201d w Augustowie w ramach realizacji zadania publicznego wsp\u00f3\u0142finansowanego przez Gmin\u0119 Miasto August\u00f3w \u201eKultura i rekreacja wsparciem rodzin z osob\u0105 z niepe\u0142nosprawno\u015bci\u0105\u201d. Na pocz\u0105tek udali\u015bmy si\u0119 do Bia\u0142ostockiego Teatru Lalek na sztuk\u0119 \u201e\u015alimak\u201d \u2013 w kt\u00f3rej tytu\u0142owy bohater, &nbsp;czy to z dobroci, czy z dobrego wychowania nie potrafi wystarczaj\u0105co wyra\u017anie odmawia\u0107 innym. Daje nam\u00f3wi\u0107 si\u0119 przez nachaln\u0105 agentk\u0119 nieruchomo\u015bci \u2013 Bobrzyc\u0119, do zmiany swego domu \u2013 muszli na inny. Niestety, szybko okazuje si\u0119, \u017ce wsz\u0119dzie poza ni\u0105 jest mu niewygodnie i niekomfortowo\u2026 Historia m\u00f3wi\u0105ca o tym, jak wa\u017cne jest rozpoznanie w\u0142asnej natury, \u017cycie w zgodzie ze sob\u0105, a tak\u017ce o tym,&nbsp; jak bardzo liczy si\u0119 asertywno\u015b\u0107 w odnalezieniu w\u0142asnej, prywatnej oazy spokoju.&nbsp; Zawsze bowiem mo\u017ce pojawi\u0107 si\u0119 obok nas kto\u015b, kto zechce nam\u00f3wi\u0107 nas na zmiany, kt\u00f3re niekoniecznie musz\u0105 wsp\u00f3\u0142gra\u0107 z naszym wn\u0119trzem\u2026 cho\u0107 z wierzchu mog\u0105 wydawa\u0107 si\u0119 atrakcyjnymi czy wr\u0119cz modnymi.&nbsp; Kontynuuj\u0105c pobyt w stolicy wojew\u00f3dztwa uczestniczyli\u015bmy w warsztatach \u201ePierwsza wizyta w galerii sztuki\u201d w Galerii im. Sle\u0144dzi\u0144skich. By\u0142a to wyj\u0105tkowa okazja do poznania zasad zachowania si\u0119 w tego rodzaju miejscu oraz zg\u0142\u0119bienia wiedzy dotycz\u0105cej r\u00f3\u017cnych dzie\u0142 sztuki malarskiej i plastycznej, poznania narz\u0119dzi i warsztatu pracy malarza oraz rze\u017abiarza.<\/p>\n\n\n\n<p class=\"has-text-align-center\">p. Halina Szulewska, p. Agnieszka Turowska<\/p>\n\n\n\n<figure class=\"wp-block-gallery has-nested-images columns-default is-cropped wp-block-gallery-1 is-layout-flex wp-block-gallery-is-layout-flex\">\n<figure class=\"wp-block-image size-large\"><img loading=\"lazy\" decoding=\"async\" width=\"1024\" height=\"768\" data-id=\"1772\" src=\"https:\/\/wsrodnas.pl\/wp-content\/uploads\/2025\/06\/IMG_20250604_105129522_AE-1024x768.jpg\" alt=\"\" class=\"wp-image-1772\" srcset=\"https:\/\/wsrodnas.pl\/wp-content\/uploads\/2025\/06\/IMG_20250604_105129522_AE-1024x768.jpg 1024w, https:\/\/wsrodnas.pl\/wp-content\/uploads\/2025\/06\/IMG_20250604_105129522_AE-300x225.jpg 300w, https:\/\/wsrodnas.pl\/wp-content\/uploads\/2025\/06\/IMG_20250604_105129522_AE-768x576.jpg 768w, https:\/\/wsrodnas.pl\/wp-content\/uploads\/2025\/06\/IMG_20250604_105129522_AE-1536x1152.jpg 1536w, https:\/\/wsrodnas.pl\/wp-content\/uploads\/2025\/06\/IMG_20250604_105129522_AE-2048x1536.jpg 2048w\" sizes=\"(max-width: 1024px) 100vw, 1024px\" \/><\/figure>\n\n\n\n<figure class=\"wp-block-image size-large\"><img loading=\"lazy\" decoding=\"async\" width=\"1024\" height=\"768\" data-id=\"1768\" src=\"https:\/\/wsrodnas.pl\/wp-content\/uploads\/2025\/06\/IMG_20250604_114716192_AE-1024x768.jpg\" alt=\"\" class=\"wp-image-1768\" srcset=\"https:\/\/wsrodnas.pl\/wp-content\/uploads\/2025\/06\/IMG_20250604_114716192_AE-1024x768.jpg 1024w, https:\/\/wsrodnas.pl\/wp-content\/uploads\/2025\/06\/IMG_20250604_114716192_AE-300x225.jpg 300w, https:\/\/wsrodnas.pl\/wp-content\/uploads\/2025\/06\/IMG_20250604_114716192_AE-768x576.jpg 768w, https:\/\/wsrodnas.pl\/wp-content\/uploads\/2025\/06\/IMG_20250604_114716192_AE-1536x1152.jpg 1536w, https:\/\/wsrodnas.pl\/wp-content\/uploads\/2025\/06\/IMG_20250604_114716192_AE-2048x1536.jpg 2048w\" sizes=\"(max-width: 1024px) 100vw, 1024px\" \/><\/figure>\n\n\n\n<figure class=\"wp-block-image size-large\"><img loading=\"lazy\" decoding=\"async\" width=\"1024\" height=\"768\" data-id=\"1769\" src=\"https:\/\/wsrodnas.pl\/wp-content\/uploads\/2025\/06\/IMG_20250604_120031528_AE-1024x768.jpg\" alt=\"\" class=\"wp-image-1769\" srcset=\"https:\/\/wsrodnas.pl\/wp-content\/uploads\/2025\/06\/IMG_20250604_120031528_AE-1024x768.jpg 1024w, https:\/\/wsrodnas.pl\/wp-content\/uploads\/2025\/06\/IMG_20250604_120031528_AE-300x225.jpg 300w, https:\/\/wsrodnas.pl\/wp-content\/uploads\/2025\/06\/IMG_20250604_120031528_AE-768x576.jpg 768w, https:\/\/wsrodnas.pl\/wp-content\/uploads\/2025\/06\/IMG_20250604_120031528_AE-1536x1152.jpg 1536w, https:\/\/wsrodnas.pl\/wp-content\/uploads\/2025\/06\/IMG_20250604_120031528_AE-2048x1536.jpg 2048w\" sizes=\"(max-width: 1024px) 100vw, 1024px\" \/><\/figure>\n\n\n\n<figure class=\"wp-block-image size-large\"><img loading=\"lazy\" decoding=\"async\" width=\"1024\" height=\"768\" data-id=\"1767\" src=\"https:\/\/wsrodnas.pl\/wp-content\/uploads\/2025\/06\/IMG_20250604_120044401_AE-1024x768.jpg\" alt=\"\" class=\"wp-image-1767\" srcset=\"https:\/\/wsrodnas.pl\/wp-content\/uploads\/2025\/06\/IMG_20250604_120044401_AE-1024x768.jpg 1024w, https:\/\/wsrodnas.pl\/wp-content\/uploads\/2025\/06\/IMG_20250604_120044401_AE-300x225.jpg 300w, https:\/\/wsrodnas.pl\/wp-content\/uploads\/2025\/06\/IMG_20250604_120044401_AE-768x576.jpg 768w, https:\/\/wsrodnas.pl\/wp-content\/uploads\/2025\/06\/IMG_20250604_120044401_AE-1536x1152.jpg 1536w, https:\/\/wsrodnas.pl\/wp-content\/uploads\/2025\/06\/IMG_20250604_120044401_AE-2048x1536.jpg 2048w\" sizes=\"(max-width: 1024px) 100vw, 1024px\" \/><\/figure>\n<\/figure>\n\n\n\n<figure class=\"wp-block-image size-large\"><img loading=\"lazy\" decoding=\"async\" width=\"1024\" height=\"768\" src=\"https:\/\/wsrodnas.pl\/wp-content\/uploads\/2025\/06\/IMG_20250604_120228861_AE-1024x768.jpg\" alt=\"\" class=\"wp-image-1771\" srcset=\"https:\/\/wsrodnas.pl\/wp-content\/uploads\/2025\/06\/IMG_20250604_120228861_AE-1024x768.jpg 1024w, https:\/\/wsrodnas.pl\/wp-content\/uploads\/2025\/06\/IMG_20250604_120228861_AE-300x225.jpg 300w, https:\/\/wsrodnas.pl\/wp-content\/uploads\/2025\/06\/IMG_20250604_120228861_AE-768x576.jpg 768w, https:\/\/wsrodnas.pl\/wp-content\/uploads\/2025\/06\/IMG_20250604_120228861_AE-1536x1152.jpg 1536w, https:\/\/wsrodnas.pl\/wp-content\/uploads\/2025\/06\/IMG_20250604_120228861_AE-2048x1536.jpg 2048w\" sizes=\"(max-width: 1024px) 100vw, 1024px\" \/><\/figure>\n\n\n\n<figure class=\"wp-block-image size-large\"><img loading=\"lazy\" decoding=\"async\" width=\"1024\" height=\"768\" src=\"https:\/\/wsrodnas.pl\/wp-content\/uploads\/2025\/06\/IMG_20250604_121231352_AE-1024x768.jpg\" alt=\"\" class=\"wp-image-1770\" srcset=\"https:\/\/wsrodnas.pl\/wp-content\/uploads\/2025\/06\/IMG_20250604_121231352_AE-1024x768.jpg 1024w, https:\/\/wsrodnas.pl\/wp-content\/uploads\/2025\/06\/IMG_20250604_121231352_AE-300x225.jpg 300w, https:\/\/wsrodnas.pl\/wp-content\/uploads\/2025\/06\/IMG_20250604_121231352_AE-768x576.jpg 768w, https:\/\/wsrodnas.pl\/wp-content\/uploads\/2025\/06\/IMG_20250604_121231352_AE-1536x1152.jpg 1536w, https:\/\/wsrodnas.pl\/wp-content\/uploads\/2025\/06\/IMG_20250604_121231352_AE-2048x1536.jpg 2048w\" sizes=\"(max-width: 1024px) 100vw, 1024px\" \/><\/figure>\n","protected":false},"excerpt":{"rendered":"<p>4.06.2025 udali\u015bmy si\u0119 na wycieczk\u0119 do Bia\u0142egostoku, zorganizowan\u0105 przez Stowarzyszenie Przyjaci\u00f3\u0142 Zespo\u0142u Szk\u00f3\u0142 Specjalnych \u201eW\u015br\u00f3d Nas\u201d w Augustowie w ramach realizacji zadania publicznego wsp\u00f3\u0142finansowanego przez Gmin\u0119 Miasto August\u00f3w \u201eKultura i rekreacja wsparciem rodzin z osob\u0105 z niepe\u0142nosprawno\u015bci\u0105\u201d. Na pocz\u0105tek udali\u015bmy si\u0119 do Bia\u0142ostockiego Teatru Lalek na sztuk\u0119 \u201e\u015alimak\u201d \u2013 w kt\u00f3rej tytu\u0142owy bohater, &nbsp;czy to [&hellip;]<\/p>\n","protected":false},"author":2,"featured_media":1772,"comment_status":"closed","ping_status":"open","sticky":false,"template":"","format":"standard","meta":{"footnotes":""},"categories":[11,1],"tags":[],"_links":{"self":[{"href":"https:\/\/wsrodnas.pl\/index.php?rest_route=\/wp\/v2\/posts\/1764"}],"collection":[{"href":"https:\/\/wsrodnas.pl\/index.php?rest_route=\/wp\/v2\/posts"}],"about":[{"href":"https:\/\/wsrodnas.pl\/index.php?rest_route=\/wp\/v2\/types\/post"}],"author":[{"embeddable":true,"href":"https:\/\/wsrodnas.pl\/index.php?rest_route=\/wp\/v2\/users\/2"}],"replies":[{"embeddable":true,"href":"https:\/\/wsrodnas.pl\/index.php?rest_route=%2Fwp%2Fv2%2Fcomments&post=1764"}],"version-history":[{"count":2,"href":"https:\/\/wsrodnas.pl\/index.php?rest_route=\/wp\/v2\/posts\/1764\/revisions"}],"predecessor-version":[{"id":1773,"href":"https:\/\/wsrodnas.pl\/index.php?rest_route=\/wp\/v2\/posts\/1764\/revisions\/1773"}],"wp:featuredmedia":[{"embeddable":true,"href":"https:\/\/wsrodnas.pl\/index.php?rest_route=\/wp\/v2\/media\/1772"}],"wp:attachment":[{"href":"https:\/\/wsrodnas.pl\/index.php?rest_route=%2Fwp%2Fv2%2Fmedia&parent=1764"}],"wp:term":[{"taxonomy":"category","embeddable":true,"href":"https:\/\/wsrodnas.pl\/index.php?rest_route=%2Fwp%2Fv2%2Fcategories&post=1764"},{"taxonomy":"post_tag","embeddable":true,"href":"https:\/\/wsrodnas.pl\/index.php?rest_route=%2Fwp%2Fv2%2Ftags&post=1764"}],"curies":[{"name":"wp","href":"https:\/\/api.w.org\/{rel}","templated":true}]}}