{"id":1732,"date":"2025-06-08T15:47:18","date_gmt":"2025-06-08T14:47:18","guid":{"rendered":"https:\/\/wsrodnas.pl\/?p=1732"},"modified":"2025-06-08T15:48:54","modified_gmt":"2025-06-08T14:48:54","slug":"vi-swiat-niebieskich-rozstrzygniety","status":"publish","type":"post","link":"https:\/\/wsrodnas.pl\/?p=1732","title":{"rendered":"VI \u015awiat Niebieskich Rozstrzygni\u0119ty!!!"},"content":{"rendered":"\n<p class=\"has-text-align-center\">3.06.205 odby\u0142o si\u0119 rozstrzygni\u0119cie VI Konkursu Plastycznego \u201e\u015awiat Niebieskich\u201d zorganizowanego przez Stowarzyszenie Przyjaci\u00f3\u0142 Zespo\u0142u Szk\u00f3\u0142 Specjalnych \u201eW\u015br\u00f3d Nas\u201d w Augustowie w ramach realizacji zadania publicznego wsp\u00f3\u0142finansowanego przez Gmin\u0119 Miasto August\u00f3w \u201eW aktywno\u015bci si\u0142a\u201d. Zadaniem uczestnik\u00f3w by\u0142o wykonanie pracy plastycznej obrazuj\u0105cych \u015bwiat widziany oczami os\u00f3b z autyzmem. Wp\u0142yn\u0119\u0142o prawie 50 prac wykonanych r\u00f3\u017cnorodnymi technikami artystycznego wyrazu. Wszystkie zyska\u0142y aprobat\u0119 jury i zdoby\u0142y r\u00f3wnorz\u0119dne pierwsze nagrody. M\u0142odzi arty\u015bci zostali nagrodzeni dyplomami oraz ksi\u0105\u017ckami, grami planszowymi i edukacyjnymi. Bardzo serdecznie dzi\u0119kujemy za tak liczny udzia\u0142 uczniom i ich nauczycielom.<\/p>\n\n\n\n<p class=\"has-text-align-right\">p. Halina Szulewska, p. Agnieszka Turowska<\/p>\n\n\n\n<figure class=\"wp-block-gallery has-nested-images columns-default is-cropped wp-block-gallery-1 is-layout-flex wp-block-gallery-is-layout-flex\">\n<figure class=\"wp-block-image size-large\"><img loading=\"lazy\" decoding=\"async\" width=\"1024\" height=\"1024\" data-id=\"1733\" src=\"https:\/\/wsrodnas.pl\/wp-content\/uploads\/2025\/06\/7cd0e4e6-1579-456d-aded-475b1dc1efbe-1024x1024.jpeg\" alt=\"\" class=\"wp-image-1733\" srcset=\"https:\/\/wsrodnas.pl\/wp-content\/uploads\/2025\/06\/7cd0e4e6-1579-456d-aded-475b1dc1efbe-1024x1024.jpeg 1024w, https:\/\/wsrodnas.pl\/wp-content\/uploads\/2025\/06\/7cd0e4e6-1579-456d-aded-475b1dc1efbe-300x300.jpeg 300w, https:\/\/wsrodnas.pl\/wp-content\/uploads\/2025\/06\/7cd0e4e6-1579-456d-aded-475b1dc1efbe-150x150.jpeg 150w, https:\/\/wsrodnas.pl\/wp-content\/uploads\/2025\/06\/7cd0e4e6-1579-456d-aded-475b1dc1efbe-768x768.jpeg 768w, https:\/\/wsrodnas.pl\/wp-content\/uploads\/2025\/06\/7cd0e4e6-1579-456d-aded-475b1dc1efbe-1536x1536.jpeg 1536w, https:\/\/wsrodnas.pl\/wp-content\/uploads\/2025\/06\/7cd0e4e6-1579-456d-aded-475b1dc1efbe-200x200.jpeg 200w, https:\/\/wsrodnas.pl\/wp-content\/uploads\/2025\/06\/7cd0e4e6-1579-456d-aded-475b1dc1efbe-58x58.jpeg 58w, https:\/\/wsrodnas.pl\/wp-content\/uploads\/2025\/06\/7cd0e4e6-1579-456d-aded-475b1dc1efbe-184x184.jpeg 184w, https:\/\/wsrodnas.pl\/wp-content\/uploads\/2025\/06\/7cd0e4e6-1579-456d-aded-475b1dc1efbe.jpeg 2048w\" sizes=\"(max-width: 1024px) 100vw, 1024px\" \/><\/figure>\n<\/figure>\n\n\n\n<figure class=\"wp-block-image size-large\"><img loading=\"lazy\" decoding=\"async\" width=\"1024\" height=\"1024\" src=\"https:\/\/wsrodnas.pl\/wp-content\/uploads\/2025\/06\/b52a9bc3-4b4a-49ea-abc6-35e319db698e-1-1024x1024.jpeg\" alt=\"\" class=\"wp-image-1734\" srcset=\"https:\/\/wsrodnas.pl\/wp-content\/uploads\/2025\/06\/b52a9bc3-4b4a-49ea-abc6-35e319db698e-1-1024x1024.jpeg 1024w, https:\/\/wsrodnas.pl\/wp-content\/uploads\/2025\/06\/b52a9bc3-4b4a-49ea-abc6-35e319db698e-1-300x300.jpeg 300w, https:\/\/wsrodnas.pl\/wp-content\/uploads\/2025\/06\/b52a9bc3-4b4a-49ea-abc6-35e319db698e-1-150x150.jpeg 150w, https:\/\/wsrodnas.pl\/wp-content\/uploads\/2025\/06\/b52a9bc3-4b4a-49ea-abc6-35e319db698e-1-768x768.jpeg 768w, https:\/\/wsrodnas.pl\/wp-content\/uploads\/2025\/06\/b52a9bc3-4b4a-49ea-abc6-35e319db698e-1-1536x1536.jpeg 1536w, https:\/\/wsrodnas.pl\/wp-content\/uploads\/2025\/06\/b52a9bc3-4b4a-49ea-abc6-35e319db698e-1-200x200.jpeg 200w, https:\/\/wsrodnas.pl\/wp-content\/uploads\/2025\/06\/b52a9bc3-4b4a-49ea-abc6-35e319db698e-1-58x58.jpeg 58w, https:\/\/wsrodnas.pl\/wp-content\/uploads\/2025\/06\/b52a9bc3-4b4a-49ea-abc6-35e319db698e-1-184x184.jpeg 184w, https:\/\/wsrodnas.pl\/wp-content\/uploads\/2025\/06\/b52a9bc3-4b4a-49ea-abc6-35e319db698e-1.jpeg 2048w\" sizes=\"(max-width: 1024px) 100vw, 1024px\" \/><\/figure>\n\n\n\n<figure class=\"wp-block-image size-large\"><img loading=\"lazy\" decoding=\"async\" width=\"1024\" height=\"1024\" src=\"https:\/\/wsrodnas.pl\/wp-content\/uploads\/2025\/06\/d6f31a9e-1f5f-4fce-b84b-d6201d61ed9d-1024x1024.jpeg\" alt=\"\" class=\"wp-image-1735\" srcset=\"https:\/\/wsrodnas.pl\/wp-content\/uploads\/2025\/06\/d6f31a9e-1f5f-4fce-b84b-d6201d61ed9d-1024x1024.jpeg 1024w, https:\/\/wsrodnas.pl\/wp-content\/uploads\/2025\/06\/d6f31a9e-1f5f-4fce-b84b-d6201d61ed9d-300x300.jpeg 300w, https:\/\/wsrodnas.pl\/wp-content\/uploads\/2025\/06\/d6f31a9e-1f5f-4fce-b84b-d6201d61ed9d-150x150.jpeg 150w, https:\/\/wsrodnas.pl\/wp-content\/uploads\/2025\/06\/d6f31a9e-1f5f-4fce-b84b-d6201d61ed9d-768x768.jpeg 768w, https:\/\/wsrodnas.pl\/wp-content\/uploads\/2025\/06\/d6f31a9e-1f5f-4fce-b84b-d6201d61ed9d-1536x1536.jpeg 1536w, https:\/\/wsrodnas.pl\/wp-content\/uploads\/2025\/06\/d6f31a9e-1f5f-4fce-b84b-d6201d61ed9d-200x200.jpeg 200w, https:\/\/wsrodnas.pl\/wp-content\/uploads\/2025\/06\/d6f31a9e-1f5f-4fce-b84b-d6201d61ed9d-58x58.jpeg 58w, https:\/\/wsrodnas.pl\/wp-content\/uploads\/2025\/06\/d6f31a9e-1f5f-4fce-b84b-d6201d61ed9d-184x184.jpeg 184w, https:\/\/wsrodnas.pl\/wp-content\/uploads\/2025\/06\/d6f31a9e-1f5f-4fce-b84b-d6201d61ed9d.jpeg 2048w\" sizes=\"(max-width: 1024px) 100vw, 1024px\" \/><\/figure>\n","protected":false},"excerpt":{"rendered":"<p>3.06.205 odby\u0142o si\u0119 rozstrzygni\u0119cie VI Konkursu Plastycznego \u201e\u015awiat Niebieskich\u201d zorganizowanego przez Stowarzyszenie Przyjaci\u00f3\u0142 Zespo\u0142u Szk\u00f3\u0142 Specjalnych \u201eW\u015br\u00f3d Nas\u201d w Augustowie w ramach realizacji zadania publicznego wsp\u00f3\u0142finansowanego przez Gmin\u0119 Miasto August\u00f3w \u201eW aktywno\u015bci si\u0142a\u201d. Zadaniem uczestnik\u00f3w by\u0142o wykonanie pracy plastycznej obrazuj\u0105cych \u015bwiat widziany oczami os\u00f3b z autyzmem. Wp\u0142yn\u0119\u0142o prawie 50 prac wykonanych r\u00f3\u017cnorodnymi technikami artystycznego wyrazu. [&hellip;]<\/p>\n","protected":false},"author":2,"featured_media":1733,"comment_status":"closed","ping_status":"open","sticky":false,"template":"","format":"standard","meta":{"footnotes":""},"categories":[11,1],"tags":[],"_links":{"self":[{"href":"https:\/\/wsrodnas.pl\/index.php?rest_route=\/wp\/v2\/posts\/1732"}],"collection":[{"href":"https:\/\/wsrodnas.pl\/index.php?rest_route=\/wp\/v2\/posts"}],"about":[{"href":"https:\/\/wsrodnas.pl\/index.php?rest_route=\/wp\/v2\/types\/post"}],"author":[{"embeddable":true,"href":"https:\/\/wsrodnas.pl\/index.php?rest_route=\/wp\/v2\/users\/2"}],"replies":[{"embeddable":true,"href":"https:\/\/wsrodnas.pl\/index.php?rest_route=%2Fwp%2Fv2%2Fcomments&post=1732"}],"version-history":[{"count":1,"href":"https:\/\/wsrodnas.pl\/index.php?rest_route=\/wp\/v2\/posts\/1732\/revisions"}],"predecessor-version":[{"id":1736,"href":"https:\/\/wsrodnas.pl\/index.php?rest_route=\/wp\/v2\/posts\/1732\/revisions\/1736"}],"wp:featuredmedia":[{"embeddable":true,"href":"https:\/\/wsrodnas.pl\/index.php?rest_route=\/wp\/v2\/media\/1733"}],"wp:attachment":[{"href":"https:\/\/wsrodnas.pl\/index.php?rest_route=%2Fwp%2Fv2%2Fmedia&parent=1732"}],"wp:term":[{"taxonomy":"category","embeddable":true,"href":"https:\/\/wsrodnas.pl\/index.php?rest_route=%2Fwp%2Fv2%2Fcategories&post=1732"},{"taxonomy":"post_tag","embeddable":true,"href":"https:\/\/wsrodnas.pl\/index.php?rest_route=%2Fwp%2Fv2%2Ftags&post=1732"}],"curies":[{"name":"wp","href":"https:\/\/api.w.org\/{rel}","templated":true}]}}