{"id":1730,"date":"2025-06-08T15:38:29","date_gmt":"2025-06-08T14:38:29","guid":{"rendered":"https:\/\/wsrodnas.pl\/?p=1730"},"modified":"2025-06-08T18:42:09","modified_gmt":"2025-06-08T17:42:09","slug":"dzien-dziecka-rodzica-i-opiekuna-2","status":"publish","type":"post","link":"https:\/\/wsrodnas.pl\/?p=1730","title":{"rendered":"Dzie\u0144 Dziecka, Rodzica i Opiekuna"},"content":{"rendered":"\n<p class=\"has-text-align-center\">W tym roku w ramach obchod\u00f3w Dnia Dziecka, Rodzica i Opiekuna 28.05.2025 udali\u015bmy si\u0119 do Alpak w Sobolach. Zwiedzili\u015bmy Mini ZOO, poznaj\u0105c r\u00f3\u017cnorodne gatunki zwierz\u0105t, a w\u015br\u00f3d nich alpaki, lam\u0119, osio\u0142ki, kozy, puchacze, kr\u00f3liki, ptactwo domowe, papugi, lemury, krowy i wiele innych. Niesamowite wra\u017cenia dostarczy\u0142a nam mo\u017cliwo\u015b\u0107 pokarmienia zwierz\u0105t marchewkami oraz pog\u0142askania ich. Mieli\u015bmy okazj\u0119 ws\u0142ucha\u0107 si\u0119 w wydawane odg\u0142osy i poobcowa\u0107 ze \u015bwiatem zwierz\u0105t. Ranczo w Sobolach to r\u00f3wnie\u017c szereg atrakcji ruchowych \u2013 trampolina, hamaki, hu\u015btawki, zjazd tubingowy, tyrolka, plac zabaw a nawet dmucha\u0144ce. By\u0142a te\u017c cz\u0119\u015b\u0107 artystyczna \u2013 przygotowana przez uczni\u00f3w&nbsp; &#8211; piosenki z uk\u0142adami tanecznymi. W tym roku wzi\u0119li\u015bmy po raz pierwszy udzia\u0142 w akcji \u201eCzytanie na polanie\u201d \u2013 wiersze J\u00f3zefy Drozdowskiej czytali uczniowie, rodzice i nauczyciele, a ich wsp\u00f3lne s\u0142uchanie w tak pi\u0119knych okoliczno\u015bciach przyrody by\u0142o wyj\u0105tkowe. Na zako\u0144czenie odby\u0142o si\u0119 ognisko integracyjne z kie\u0142baskami i s\u0142odkimi niespodziankami. Przedsi\u0119wzi\u0119cie nie by\u0142o by mo\u017cliwe bez funduszy przeznaczonych przez Powiat Augustowski, Rad\u0119 Rodzic\u00f3w i Stowarzyszenie Przyjaci\u00f3\u0142 Zespo\u0142u Szk\u00f3\u0142 Specjalnych \u201eW\u015br\u00f3d Nas\u201d w Augustowie w ramach realizacji zadania publicznego wsp\u00f3\u0142finansowanego przez Gmin\u0119 Miasto August\u00f3w \u201eKultura i rekreacja wsparciem rodzin z osob\u0105 z niepe\u0142nosprawno\u015bci\u0105\u201d. Wszystkim sponsorom i organizatorom bardzo serdecznie dzi\u0119kujemy.<\/p>\n\n\n\n<p class=\"has-text-align-center\">Alicja Karbowska, Ewa \u0141oboda, Beata Skowro\u0144ska,<\/p>\n\n\n\n<p class=\"has-text-align-center\">Urszula Siedlecka, Agnieszka Turowska, Halina Szulewska<\/p>\n\n\n\n<figure class=\"wp-block-gallery has-nested-images columns-default is-cropped wp-block-gallery-1 is-layout-flex wp-block-gallery-is-layout-flex\">\n<figure class=\"wp-block-image size-large\"><img loading=\"lazy\" decoding=\"async\" width=\"1024\" height=\"768\" data-id=\"1777\" src=\"https:\/\/wsrodnas.pl\/wp-content\/uploads\/2025\/06\/IMG_20250528_091830102_HDR_AE-1024x768.jpg\" alt=\"\" class=\"wp-image-1777\" srcset=\"https:\/\/wsrodnas.pl\/wp-content\/uploads\/2025\/06\/IMG_20250528_091830102_HDR_AE-1024x768.jpg 1024w, https:\/\/wsrodnas.pl\/wp-content\/uploads\/2025\/06\/IMG_20250528_091830102_HDR_AE-300x225.jpg 300w, https:\/\/wsrodnas.pl\/wp-content\/uploads\/2025\/06\/IMG_20250528_091830102_HDR_AE-768x576.jpg 768w, https:\/\/wsrodnas.pl\/wp-content\/uploads\/2025\/06\/IMG_20250528_091830102_HDR_AE-1536x1152.jpg 1536w, https:\/\/wsrodnas.pl\/wp-content\/uploads\/2025\/06\/IMG_20250528_091830102_HDR_AE-2048x1536.jpg 2048w\" sizes=\"(max-width: 1024px) 100vw, 1024px\" \/><\/figure>\n\n\n\n<figure class=\"wp-block-image size-large\"><img loading=\"lazy\" decoding=\"async\" width=\"1024\" height=\"768\" data-id=\"1779\" src=\"https:\/\/wsrodnas.pl\/wp-content\/uploads\/2025\/06\/IMG_20250528_093457020_AE-1024x768.jpg\" alt=\"\" class=\"wp-image-1779\" srcset=\"https:\/\/wsrodnas.pl\/wp-content\/uploads\/2025\/06\/IMG_20250528_093457020_AE-1024x768.jpg 1024w, https:\/\/wsrodnas.pl\/wp-content\/uploads\/2025\/06\/IMG_20250528_093457020_AE-300x225.jpg 300w, https:\/\/wsrodnas.pl\/wp-content\/uploads\/2025\/06\/IMG_20250528_093457020_AE-768x576.jpg 768w, https:\/\/wsrodnas.pl\/wp-content\/uploads\/2025\/06\/IMG_20250528_093457020_AE-1536x1152.jpg 1536w, https:\/\/wsrodnas.pl\/wp-content\/uploads\/2025\/06\/IMG_20250528_093457020_AE-2048x1536.jpg 2048w\" sizes=\"(max-width: 1024px) 100vw, 1024px\" \/><\/figure>\n\n\n\n<figure class=\"wp-block-image size-large\"><img loading=\"lazy\" decoding=\"async\" width=\"1024\" height=\"768\" data-id=\"1780\" src=\"https:\/\/wsrodnas.pl\/wp-content\/uploads\/2025\/06\/IMG_20250528_094846245_HDR_AE-1024x768.jpg\" alt=\"\" class=\"wp-image-1780\" srcset=\"https:\/\/wsrodnas.pl\/wp-content\/uploads\/2025\/06\/IMG_20250528_094846245_HDR_AE-1024x768.jpg 1024w, https:\/\/wsrodnas.pl\/wp-content\/uploads\/2025\/06\/IMG_20250528_094846245_HDR_AE-300x225.jpg 300w, https:\/\/wsrodnas.pl\/wp-content\/uploads\/2025\/06\/IMG_20250528_094846245_HDR_AE-768x576.jpg 768w, https:\/\/wsrodnas.pl\/wp-content\/uploads\/2025\/06\/IMG_20250528_094846245_HDR_AE-1536x1152.jpg 1536w, https:\/\/wsrodnas.pl\/wp-content\/uploads\/2025\/06\/IMG_20250528_094846245_HDR_AE-2048x1536.jpg 2048w\" sizes=\"(max-width: 1024px) 100vw, 1024px\" \/><\/figure>\n\n\n\n<figure class=\"wp-block-image size-large\"><img loading=\"lazy\" decoding=\"async\" width=\"768\" height=\"1024\" data-id=\"1778\" src=\"https:\/\/wsrodnas.pl\/wp-content\/uploads\/2025\/06\/IMG_20250528_101123222_HDR_AE-768x1024.jpg\" alt=\"\" class=\"wp-image-1778\" srcset=\"https:\/\/wsrodnas.pl\/wp-content\/uploads\/2025\/06\/IMG_20250528_101123222_HDR_AE-768x1024.jpg 768w, https:\/\/wsrodnas.pl\/wp-content\/uploads\/2025\/06\/IMG_20250528_101123222_HDR_AE-225x300.jpg 225w, https:\/\/wsrodnas.pl\/wp-content\/uploads\/2025\/06\/IMG_20250528_101123222_HDR_AE-1152x1536.jpg 1152w, https:\/\/wsrodnas.pl\/wp-content\/uploads\/2025\/06\/IMG_20250528_101123222_HDR_AE-1536x2048.jpg 1536w, https:\/\/wsrodnas.pl\/wp-content\/uploads\/2025\/06\/IMG_20250528_101123222_HDR_AE-scaled.jpg 1920w\" sizes=\"(max-width: 768px) 100vw, 768px\" \/><\/figure>\n<\/figure>\n\n\n\n<figure class=\"wp-block-gallery has-nested-images columns-default is-cropped wp-block-gallery-2 is-layout-flex wp-block-gallery-is-layout-flex\">\n<figure class=\"wp-block-image size-large\"><img loading=\"lazy\" decoding=\"async\" width=\"768\" height=\"1024\" data-id=\"1775\" src=\"https:\/\/wsrodnas.pl\/wp-content\/uploads\/2025\/06\/IMG_20250528_101316937_HDR_AE-768x1024.jpg\" alt=\"\" class=\"wp-image-1775\" srcset=\"https:\/\/wsrodnas.pl\/wp-content\/uploads\/2025\/06\/IMG_20250528_101316937_HDR_AE-768x1024.jpg 768w, https:\/\/wsrodnas.pl\/wp-content\/uploads\/2025\/06\/IMG_20250528_101316937_HDR_AE-225x300.jpg 225w, https:\/\/wsrodnas.pl\/wp-content\/uploads\/2025\/06\/IMG_20250528_101316937_HDR_AE-1152x1536.jpg 1152w, https:\/\/wsrodnas.pl\/wp-content\/uploads\/2025\/06\/IMG_20250528_101316937_HDR_AE-1536x2048.jpg 1536w, https:\/\/wsrodnas.pl\/wp-content\/uploads\/2025\/06\/IMG_20250528_101316937_HDR_AE-scaled.jpg 1920w\" sizes=\"(max-width: 768px) 100vw, 768px\" \/><\/figure>\n\n\n\n<figure class=\"wp-block-image size-large\"><img loading=\"lazy\" decoding=\"async\" width=\"1024\" height=\"768\" data-id=\"1776\" src=\"https:\/\/wsrodnas.pl\/wp-content\/uploads\/2025\/06\/IMG_20250528_111154013_HDR_AE-1024x768.jpg\" alt=\"\" class=\"wp-image-1776\" srcset=\"https:\/\/wsrodnas.pl\/wp-content\/uploads\/2025\/06\/IMG_20250528_111154013_HDR_AE-1024x768.jpg 1024w, https:\/\/wsrodnas.pl\/wp-content\/uploads\/2025\/06\/IMG_20250528_111154013_HDR_AE-300x225.jpg 300w, https:\/\/wsrodnas.pl\/wp-content\/uploads\/2025\/06\/IMG_20250528_111154013_HDR_AE-768x576.jpg 768w, https:\/\/wsrodnas.pl\/wp-content\/uploads\/2025\/06\/IMG_20250528_111154013_HDR_AE-1536x1152.jpg 1536w, https:\/\/wsrodnas.pl\/wp-content\/uploads\/2025\/06\/IMG_20250528_111154013_HDR_AE-2048x1536.jpg 2048w\" sizes=\"(max-width: 1024px) 100vw, 1024px\" \/><\/figure>\n<\/figure>\n","protected":false},"excerpt":{"rendered":"<p>W tym roku w ramach obchod\u00f3w Dnia Dziecka, Rodzica i Opiekuna 28.05.2025 udali\u015bmy si\u0119 do Alpak w Sobolach. Zwiedzili\u015bmy Mini ZOO, poznaj\u0105c r\u00f3\u017cnorodne gatunki zwierz\u0105t, a w\u015br\u00f3d nich alpaki, lam\u0119, osio\u0142ki, kozy, puchacze, kr\u00f3liki, ptactwo domowe, papugi, lemury, krowy i wiele innych. Niesamowite wra\u017cenia dostarczy\u0142a nam mo\u017cliwo\u015b\u0107 pokarmienia zwierz\u0105t marchewkami oraz pog\u0142askania ich. Mieli\u015bmy okazj\u0119 [&hellip;]<\/p>\n","protected":false},"author":2,"featured_media":0,"comment_status":"closed","ping_status":"open","sticky":false,"template":"","format":"standard","meta":{"footnotes":""},"categories":[1],"tags":[],"_links":{"self":[{"href":"https:\/\/wsrodnas.pl\/index.php?rest_route=\/wp\/v2\/posts\/1730"}],"collection":[{"href":"https:\/\/wsrodnas.pl\/index.php?rest_route=\/wp\/v2\/posts"}],"about":[{"href":"https:\/\/wsrodnas.pl\/index.php?rest_route=\/wp\/v2\/types\/post"}],"author":[{"embeddable":true,"href":"https:\/\/wsrodnas.pl\/index.php?rest_route=\/wp\/v2\/users\/2"}],"replies":[{"embeddable":true,"href":"https:\/\/wsrodnas.pl\/index.php?rest_route=%2Fwp%2Fv2%2Fcomments&post=1730"}],"version-history":[{"count":2,"href":"https:\/\/wsrodnas.pl\/index.php?rest_route=\/wp\/v2\/posts\/1730\/revisions"}],"predecessor-version":[{"id":1781,"href":"https:\/\/wsrodnas.pl\/index.php?rest_route=\/wp\/v2\/posts\/1730\/revisions\/1781"}],"wp:attachment":[{"href":"https:\/\/wsrodnas.pl\/index.php?rest_route=%2Fwp%2Fv2%2Fmedia&parent=1730"}],"wp:term":[{"taxonomy":"category","embeddable":true,"href":"https:\/\/wsrodnas.pl\/index.php?rest_route=%2Fwp%2Fv2%2Fcategories&post=1730"},{"taxonomy":"post_tag","embeddable":true,"href":"https:\/\/wsrodnas.pl\/index.php?rest_route=%2Fwp%2Fv2%2Ftags&post=1730"}],"curies":[{"name":"wp","href":"https:\/\/api.w.org\/{rel}","templated":true}]}}