{"id":1673,"date":"2025-04-15T04:37:02","date_gmt":"2025-04-15T03:37:02","guid":{"rendered":"https:\/\/wsrodnas.pl\/?p=1673"},"modified":"2025-04-15T04:37:24","modified_gmt":"2025-04-15T03:37:24","slug":"wesolego-alleluja-8","status":"publish","type":"post","link":"https:\/\/wsrodnas.pl\/?p=1673","title":{"rendered":"Weso\u0142ego Alleluja!!!"},"content":{"rendered":"\n<p>\u015awi\u0119to Wielkiej Nocy to czas otuchy i nadziei,<br>czas odradzania si\u0119 wiary w si\u0142\u0119 Chrystusa i w si\u0142\u0119 cz\u0142owieka.<br>\u017byczymy, aby \u015bwi\u0119ta wielkanocne przynios\u0142y rado\u015b\u0107,<br>pok\u00f3j oraz wzajemn\u0105 \u017cyczliwo\u015b\u0107.<br>By sta\u0142y si\u0119 \u017ar\u00f3d\u0142em wzmacniania ducha!<br>Niech Zmartwychwsta\u0142y Chrystus<br>o\u015bwieca drogi codziennego \u017cycia,<br>obdarza b\u0142ogos\u0142awie\u0144stwem<br>i pomaga \u017cycie czyni\u0107 szcz\u0119\u015bliwym.<br>Weso\u0142ych i ciep\u0142ych \u015awi\u0105t Wielkanocnych!<\/p>\n\n\n\n<p class=\"has-text-align-center\">Naszym podopiecznym, ich rodzinom oraz wszystkim, <\/p>\n\n\n\n<p class=\"has-text-align-center\">kt\u00f3rzy wspieraj\u0105 nasz\u0105 dzia\u0142alno\u015b\u0107 \u017cyczy Zarz\u0105d Stowarzyszenia<\/p>\n\n\n\n<p><\/p>\n\n\n\n<figure class=\"wp-block-image size-full\"><img loading=\"lazy\" decoding=\"async\" width=\"780\" height=\"520\" src=\"https:\/\/wsrodnas.pl\/wp-content\/uploads\/2025\/04\/5cb81e79a7059_o_original.jpg\" alt=\"\" class=\"wp-image-1674\" srcset=\"https:\/\/wsrodnas.pl\/wp-content\/uploads\/2025\/04\/5cb81e79a7059_o_original.jpg 780w, https:\/\/wsrodnas.pl\/wp-content\/uploads\/2025\/04\/5cb81e79a7059_o_original-300x200.jpg 300w, https:\/\/wsrodnas.pl\/wp-content\/uploads\/2025\/04\/5cb81e79a7059_o_original-768x512.jpg 768w, https:\/\/wsrodnas.pl\/wp-content\/uploads\/2025\/04\/5cb81e79a7059_o_original-140x94.jpg 140w\" sizes=\"(max-width: 780px) 100vw, 780px\" \/><\/figure>\n","protected":false},"excerpt":{"rendered":"<p>\u015awi\u0119to Wielkiej Nocy to czas otuchy i nadziei,czas odradzania si\u0119 wiary w si\u0142\u0119 Chrystusa i w si\u0142\u0119 cz\u0142owieka.\u017byczymy, aby \u015bwi\u0119ta wielkanocne przynios\u0142y rado\u015b\u0107,pok\u00f3j oraz wzajemn\u0105 \u017cyczliwo\u015b\u0107.By sta\u0142y si\u0119 \u017ar\u00f3d\u0142em wzmacniania ducha!Niech Zmartwychwsta\u0142y Chrystuso\u015bwieca drogi codziennego \u017cycia,obdarza b\u0142ogos\u0142awie\u0144stwemi pomaga \u017cycie czyni\u0107 szcz\u0119\u015bliwym.Weso\u0142ych i ciep\u0142ych \u015awi\u0105t Wielkanocnych! Naszym podopiecznym, ich rodzinom oraz wszystkim, kt\u00f3rzy wspieraj\u0105 nasz\u0105 dzia\u0142alno\u015b\u0107 [&hellip;]<\/p>\n","protected":false},"author":2,"featured_media":1674,"comment_status":"closed","ping_status":"open","sticky":false,"template":"","format":"standard","meta":{"footnotes":""},"categories":[11,1],"tags":[],"_links":{"self":[{"href":"https:\/\/wsrodnas.pl\/index.php?rest_route=\/wp\/v2\/posts\/1673"}],"collection":[{"href":"https:\/\/wsrodnas.pl\/index.php?rest_route=\/wp\/v2\/posts"}],"about":[{"href":"https:\/\/wsrodnas.pl\/index.php?rest_route=\/wp\/v2\/types\/post"}],"author":[{"embeddable":true,"href":"https:\/\/wsrodnas.pl\/index.php?rest_route=\/wp\/v2\/users\/2"}],"replies":[{"embeddable":true,"href":"https:\/\/wsrodnas.pl\/index.php?rest_route=%2Fwp%2Fv2%2Fcomments&post=1673"}],"version-history":[{"count":1,"href":"https:\/\/wsrodnas.pl\/index.php?rest_route=\/wp\/v2\/posts\/1673\/revisions"}],"predecessor-version":[{"id":1675,"href":"https:\/\/wsrodnas.pl\/index.php?rest_route=\/wp\/v2\/posts\/1673\/revisions\/1675"}],"wp:featuredmedia":[{"embeddable":true,"href":"https:\/\/wsrodnas.pl\/index.php?rest_route=\/wp\/v2\/media\/1674"}],"wp:attachment":[{"href":"https:\/\/wsrodnas.pl\/index.php?rest_route=%2Fwp%2Fv2%2Fmedia&parent=1673"}],"wp:term":[{"taxonomy":"category","embeddable":true,"href":"https:\/\/wsrodnas.pl\/index.php?rest_route=%2Fwp%2Fv2%2Fcategories&post=1673"},{"taxonomy":"post_tag","embeddable":true,"href":"https:\/\/wsrodnas.pl\/index.php?rest_route=%2Fwp%2Fv2%2Ftags&post=1673"}],"curies":[{"name":"wp","href":"https:\/\/api.w.org\/{rel}","templated":true}]}}