{"id":1466,"date":"2024-05-26T18:23:03","date_gmt":"2024-05-26T17:23:03","guid":{"rendered":"https:\/\/wsrodnas.pl\/?p=1466"},"modified":"2024-05-26T18:40:53","modified_gmt":"2024-05-26T17:40:53","slug":"swiat-niebieskich-rozstrzygniety","status":"publish","type":"post","link":"https:\/\/wsrodnas.pl\/?p=1466","title":{"rendered":"\u015awiat Niebieskich rozstrzygni\u0119ty !!!"},"content":{"rendered":"\n<p class=\"has-text-align-center\">21.05.2024 nast\u0105pi\u0142o rozstrzygni\u0119cie V Konkursu Plastycznego \u201e\u015awiat Niebieskich\u201d wpisuj\u0105cego si\u0119 w propagowanie wiedzy i postaw tolerancji&nbsp; oraz zrozumienia wobec os\u00f3b z autyzmem. Wp\u0142yn\u0119\u0142o ponad 40 prac wykonanych indywidualnie lub grupowo. By\u0142y bardzo r\u00f3\u017cnorodne zar\u00f3wno pod wzgl\u0119dem tematycznym, jak i zastosowanych technik artystycznego wyrazu. Wszyscy uczestnicy zdobyli r\u00f3wnorz\u0119dne nagrody, gdy\u017c bardzo trudno by\u0142o wy\u0142oni\u0107 zwyci\u0119zc\u0119, co potwierdza&nbsp; wysoki poziom artystyczny prezentowanych \u201edzie\u0142\u201d. Ka\u017cdy uczestnik otrzyma\u0142 pami\u0105tkowy dyplom oraz nagrod\u0119 rzeczow\u0105. Prace prezentowane s\u0105 w \u201eGalerii pod schodami\u201d oraz na gazetce \u015bciennej w siedzibie Zespo\u0142u Szk\u00f3\u0142 Specjalnych. Mo\u017cna je podziwia\u0107 do ko\u0144ca roku szkolnego. Przedsi\u0119wzi\u0119cie zosta\u0142o zorganizowane przez Stowarzyszenie Przyjaci\u00f3\u0142 Zespo\u0142u Szk\u00f3\u0142 Specjalnych \u201eW\u015br\u00f3d Nas\u201d &nbsp;&nbsp;&nbsp;&nbsp;&nbsp;&nbsp;&nbsp;&nbsp;&nbsp;&nbsp;&nbsp;&nbsp;&nbsp;&nbsp;&nbsp;&nbsp;w Augustowie, w ramach realizacji zadania publicznego wsp\u00f3\u0142finansowanego przez Gmin\u0119 Miasto August\u00f3w \u201eAktywno\u015b\u0107 daje moc\u201d. Wybrane prace plastyczne pos\u0142u\u017c\u0105 do wydania kalendarza na 2025.<\/p>\n\n\n\n<p class=\"has-text-align-center\">p. Halina Szulewska, p. Agnieszka Turowska<\/p>\n","protected":false},"excerpt":{"rendered":"<p>21.05.2024 nast\u0105pi\u0142o rozstrzygni\u0119cie V Konkursu Plastycznego \u201e\u015awiat Niebieskich\u201d wpisuj\u0105cego si\u0119 w propagowanie wiedzy i postaw tolerancji&nbsp; oraz zrozumienia wobec os\u00f3b z autyzmem. Wp\u0142yn\u0119\u0142o ponad 40 prac wykonanych indywidualnie lub grupowo. By\u0142y bardzo r\u00f3\u017cnorodne zar\u00f3wno pod wzgl\u0119dem tematycznym, jak i zastosowanych technik artystycznego wyrazu. Wszyscy uczestnicy zdobyli r\u00f3wnorz\u0119dne nagrody, gdy\u017c bardzo trudno by\u0142o wy\u0142oni\u0107 zwyci\u0119zc\u0119, co [&hellip;]<\/p>\n","protected":false},"author":2,"featured_media":0,"comment_status":"closed","ping_status":"open","sticky":false,"template":"","format":"standard","meta":{"footnotes":""},"categories":[11,1],"tags":[],"_links":{"self":[{"href":"https:\/\/wsrodnas.pl\/index.php?rest_route=\/wp\/v2\/posts\/1466"}],"collection":[{"href":"https:\/\/wsrodnas.pl\/index.php?rest_route=\/wp\/v2\/posts"}],"about":[{"href":"https:\/\/wsrodnas.pl\/index.php?rest_route=\/wp\/v2\/types\/post"}],"author":[{"embeddable":true,"href":"https:\/\/wsrodnas.pl\/index.php?rest_route=\/wp\/v2\/users\/2"}],"replies":[{"embeddable":true,"href":"https:\/\/wsrodnas.pl\/index.php?rest_route=%2Fwp%2Fv2%2Fcomments&post=1466"}],"version-history":[{"count":1,"href":"https:\/\/wsrodnas.pl\/index.php?rest_route=\/wp\/v2\/posts\/1466\/revisions"}],"predecessor-version":[{"id":1467,"href":"https:\/\/wsrodnas.pl\/index.php?rest_route=\/wp\/v2\/posts\/1466\/revisions\/1467"}],"wp:attachment":[{"href":"https:\/\/wsrodnas.pl\/index.php?rest_route=%2Fwp%2Fv2%2Fmedia&parent=1466"}],"wp:term":[{"taxonomy":"category","embeddable":true,"href":"https:\/\/wsrodnas.pl\/index.php?rest_route=%2Fwp%2Fv2%2Fcategories&post=1466"},{"taxonomy":"post_tag","embeddable":true,"href":"https:\/\/wsrodnas.pl\/index.php?rest_route=%2Fwp%2Fv2%2Ftags&post=1466"}],"curies":[{"name":"wp","href":"https:\/\/api.w.org\/{rel}","templated":true}]}}