{"id":1429,"date":"2024-04-07T16:04:08","date_gmt":"2024-04-07T15:04:08","guid":{"rendered":"https:\/\/wsrodnas.pl\/?p=1429"},"modified":"2024-05-12T17:33:39","modified_gmt":"2024-05-12T16:33:39","slug":"zaswiecilismy-sie-na-niebiesko","status":"publish","type":"post","link":"https:\/\/wsrodnas.pl\/?p=1429","title":{"rendered":"Za\u015bwiecili\u015bmy si\u0119 na Niebiesko!!!"},"content":{"rendered":"\n<p class=\"has-text-align-center\">4.04.2024 po raz 13 obchodzili\u015bmy Mi\u0119dzynarodowy Dzie\u0144 \u015awiadomo\u015bci Autyzmu. Wsp\u00f3\u0142praca Stowarzyszenia Przyjaci\u00f3\u0142 Zespo\u0142u Szk\u00f3\u0142 Specjalnych \u201eW\u015br\u00f3d Nas\u201d z Zespo\u0142em Szk\u00f3\u0142 Specjalnych w Augustowie zaowocowa\u0142a zorganizowaniem Niebieskiego Marszu, podczas kt\u00f3rego wszyscy \u201e\u015awiecili\u015bmy na Niebiesko\u201d. Do udzia\u0142u w marszu zostali zaproszeniu uczniowie Augustowskiego Centrum Edukacyjnego oraz uczestnicy Hufca Pracy \u2013 za co wszystkim bardzo serdecznie dzi\u0119kujemy. \u201eZaopatrzeni\u201d w niebieskie balony, kwiaty z papieru, kolorowe wiatraki, transparenty promuj\u0105ce postawy wobec os\u00f3b z autyzmem ruszyli\u015bmy ulicami miasta. Przechodnie i przeje\u017cd\u017caj\u0105cy kierowcy byli zaskoczeni nasz\u0105 obecno\u015bci\u0105, a dzi\u0119ki temu mogli zwr\u00f3ci\u0107 uwag\u0119 na obecno\u015b\u0107 os\u00f3b z autyzmem w \u017cyciu spo\u0142ecznym. W tym roku udali\u015bmy si\u0119 z wizyt\u0105 do Burmistrza Miasta Augustowa Pana Miros\u0142awa Karolczuka, kt\u00f3ry wraz z Panem Micha\u0142em Kotarskim bardzo serdecznie przywitali nas na dziedzi\u0144cu przed ratuszem miejskim. By\u0142y okoliczno\u015bciowe przem\u00f3wienia i niebieskie prezenty, oraz oficjalne podzi\u0119kowania za wzajemn\u0105 wsp\u00f3\u0142prac\u0119. Podkre\u015blona zosta\u0142a waga&nbsp; uwra\u017cliwiania spo\u0142ecze\u0144stwa na potrzeby os\u00f3b z autyzmem,&nbsp; wpisuj\u0105ca si\u0119 w kwietniow\u0105 akcj\u0119 propagowania wiedzy na temat autyzmu. R\u00f3\u017cnorodno\u015b\u0107 to zaleta, a nie wada i mo\u017cemy si\u0119 wzajemnie ubogaca\u0107, otwieraj\u0105c si\u0119 na drugiego cz\u0142owieka. Obchody odby\u0142y si\u0119 w ramach realizacji zadania publicznego \u201eAktywno\u015b\u0107 daje moc\u201d, wsp\u00f3\u0142finansowanego przez Gmin\u0119 Miasto August\u00f3w. Po spotkaniu z gospodarzem miasta przeszli\u015bmy na nowo otwarty plac zabaw i si\u0142owni\u0119 na B\u0142onia nad Nett\u0105 \u2013 nawet kolor piasku si\u0119 zgadza\u0142 \u2013 by\u0142 niebieski. Zaskoczy\u0142y nas \u201edywany\u201d r\u00f3\u017cnokolorowych krokus\u00f3w i s\u0142o\u0144ce przedzieraj\u0105ce si\u0119 zza chmur&nbsp; specjalnie dla nas. Dodatkowo trwa ju\u017c V Konkurs Plastyczny \u201e\u015awiat Niebieskich\u201d, do ko\u0144ca kwietnia czekamy na prace artystyczne.&nbsp;<\/p>\n\n\n\n<p class=\"has-text-align-center\">p. Halina Szulewska, p. Agnieszka Turowska, p. Beata Skowro\u0144ska,<\/p>\n\n\n\n<p class=\"has-text-align-center\">&nbsp;p. Agnieszka Ostrowska, p. Sylwia Piekarska, p. Urszula Sie\u0144kowska &#8211; Cioch<\/p>\n\n\n\n<figure class=\"wp-block-gallery has-nested-images columns-default is-cropped wp-block-gallery-1 is-layout-flex wp-block-gallery-is-layout-flex\">\n<figure class=\"wp-block-image size-large\"><img loading=\"lazy\" decoding=\"async\" width=\"1024\" height=\"685\" data-id=\"1441\" src=\"https:\/\/wsrodnas.pl\/wp-content\/uploads\/2024\/05\/DSC00032-1024x685.jpg\" alt=\"\" class=\"wp-image-1441\" srcset=\"https:\/\/wsrodnas.pl\/wp-content\/uploads\/2024\/05\/DSC00032-1024x685.jpg 1024w, https:\/\/wsrodnas.pl\/wp-content\/uploads\/2024\/05\/DSC00032-300x201.jpg 300w, https:\/\/wsrodnas.pl\/wp-content\/uploads\/2024\/05\/DSC00032-768x513.jpg 768w, https:\/\/wsrodnas.pl\/wp-content\/uploads\/2024\/05\/DSC00032-1536x1027.jpg 1536w, https:\/\/wsrodnas.pl\/wp-content\/uploads\/2024\/05\/DSC00032-2048x1369.jpg 2048w, https:\/\/wsrodnas.pl\/wp-content\/uploads\/2024\/05\/DSC00032-140x94.jpg 140w\" sizes=\"(max-width: 1024px) 100vw, 1024px\" \/><\/figure>\n\n\n\n<figure class=\"wp-block-image size-large\"><img loading=\"lazy\" decoding=\"async\" width=\"1024\" height=\"685\" data-id=\"1437\" src=\"https:\/\/wsrodnas.pl\/wp-content\/uploads\/2024\/05\/DSC00059-1024x685.jpg\" alt=\"\" class=\"wp-image-1437\" srcset=\"https:\/\/wsrodnas.pl\/wp-content\/uploads\/2024\/05\/DSC00059-1024x685.jpg 1024w, https:\/\/wsrodnas.pl\/wp-content\/uploads\/2024\/05\/DSC00059-300x201.jpg 300w, https:\/\/wsrodnas.pl\/wp-content\/uploads\/2024\/05\/DSC00059-768x513.jpg 768w, https:\/\/wsrodnas.pl\/wp-content\/uploads\/2024\/05\/DSC00059-1536x1027.jpg 1536w, https:\/\/wsrodnas.pl\/wp-content\/uploads\/2024\/05\/DSC00059-2048x1369.jpg 2048w, https:\/\/wsrodnas.pl\/wp-content\/uploads\/2024\/05\/DSC00059-140x94.jpg 140w\" sizes=\"(max-width: 1024px) 100vw, 1024px\" \/><\/figure>\n\n\n\n<figure class=\"wp-block-image size-large\"><img loading=\"lazy\" decoding=\"async\" width=\"684\" height=\"1024\" data-id=\"1436\" src=\"https:\/\/wsrodnas.pl\/wp-content\/uploads\/2024\/05\/DSC00078-684x1024.jpg\" alt=\"\" class=\"wp-image-1436\" srcset=\"https:\/\/wsrodnas.pl\/wp-content\/uploads\/2024\/05\/DSC00078-684x1024.jpg 684w, https:\/\/wsrodnas.pl\/wp-content\/uploads\/2024\/05\/DSC00078-200x300.jpg 200w, https:\/\/wsrodnas.pl\/wp-content\/uploads\/2024\/05\/DSC00078-768x1149.jpg 768w, https:\/\/wsrodnas.pl\/wp-content\/uploads\/2024\/05\/DSC00078-1027x1536.jpg 1027w, https:\/\/wsrodnas.pl\/wp-content\/uploads\/2024\/05\/DSC00078-1369x2048.jpg 1369w, https:\/\/wsrodnas.pl\/wp-content\/uploads\/2024\/05\/DSC00078-scaled.jpg 1711w\" sizes=\"(max-width: 684px) 100vw, 684px\" \/><\/figure>\n\n\n\n<figure class=\"wp-block-image size-large\"><img loading=\"lazy\" decoding=\"async\" width=\"1024\" height=\"684\" data-id=\"1439\" src=\"https:\/\/wsrodnas.pl\/wp-content\/uploads\/2024\/05\/DSC00086-1024x684.jpg\" alt=\"\" class=\"wp-image-1439\" srcset=\"https:\/\/wsrodnas.pl\/wp-content\/uploads\/2024\/05\/DSC00086-1024x684.jpg 1024w, https:\/\/wsrodnas.pl\/wp-content\/uploads\/2024\/05\/DSC00086-300x201.jpg 300w, https:\/\/wsrodnas.pl\/wp-content\/uploads\/2024\/05\/DSC00086-768x513.jpg 768w, https:\/\/wsrodnas.pl\/wp-content\/uploads\/2024\/05\/DSC00086-1536x1027.jpg 1536w, https:\/\/wsrodnas.pl\/wp-content\/uploads\/2024\/05\/DSC00086-2048x1369.jpg 2048w, https:\/\/wsrodnas.pl\/wp-content\/uploads\/2024\/05\/DSC00086-140x94.jpg 140w\" sizes=\"(max-width: 1024px) 100vw, 1024px\" \/><\/figure>\n\n\n\n<figure class=\"wp-block-image size-large\"><img loading=\"lazy\" decoding=\"async\" width=\"1024\" height=\"770\" data-id=\"1438\" src=\"https:\/\/wsrodnas.pl\/wp-content\/uploads\/2024\/05\/DSC00191-1024x770.jpg\" alt=\"\" class=\"wp-image-1438\" srcset=\"https:\/\/wsrodnas.pl\/wp-content\/uploads\/2024\/05\/DSC00191-1024x770.jpg 1024w, https:\/\/wsrodnas.pl\/wp-content\/uploads\/2024\/05\/DSC00191-300x226.jpg 300w, https:\/\/wsrodnas.pl\/wp-content\/uploads\/2024\/05\/DSC00191-768x578.jpg 768w, https:\/\/wsrodnas.pl\/wp-content\/uploads\/2024\/05\/DSC00191-1536x1156.jpg 1536w, https:\/\/wsrodnas.pl\/wp-content\/uploads\/2024\/05\/DSC00191-2048x1541.jpg 2048w\" sizes=\"(max-width: 1024px) 100vw, 1024px\" \/><\/figure>\n\n\n\n<figure class=\"wp-block-image size-large\"><img loading=\"lazy\" decoding=\"async\" width=\"1024\" height=\"623\" data-id=\"1448\" src=\"https:\/\/wsrodnas.pl\/wp-content\/uploads\/2024\/05\/DSC00202-1-1024x623.jpg\" alt=\"\" class=\"wp-image-1448\" srcset=\"https:\/\/wsrodnas.pl\/wp-content\/uploads\/2024\/05\/DSC00202-1-1024x623.jpg 1024w, https:\/\/wsrodnas.pl\/wp-content\/uploads\/2024\/05\/DSC00202-1-300x183.jpg 300w, https:\/\/wsrodnas.pl\/wp-content\/uploads\/2024\/05\/DSC00202-1-768x467.jpg 768w, https:\/\/wsrodnas.pl\/wp-content\/uploads\/2024\/05\/DSC00202-1-1536x935.jpg 1536w, https:\/\/wsrodnas.pl\/wp-content\/uploads\/2024\/05\/DSC00202-1-2048x1247.jpg 2048w\" sizes=\"(max-width: 1024px) 100vw, 1024px\" \/><\/figure>\n\n\n\n<figure class=\"wp-block-image size-large\"><img loading=\"lazy\" decoding=\"async\" width=\"1024\" height=\"663\" data-id=\"1435\" src=\"https:\/\/wsrodnas.pl\/wp-content\/uploads\/2024\/05\/DSC00242-1024x663.jpg\" alt=\"\" class=\"wp-image-1435\" srcset=\"https:\/\/wsrodnas.pl\/wp-content\/uploads\/2024\/05\/DSC00242-1024x663.jpg 1024w, https:\/\/wsrodnas.pl\/wp-content\/uploads\/2024\/05\/DSC00242-300x194.jpg 300w, https:\/\/wsrodnas.pl\/wp-content\/uploads\/2024\/05\/DSC00242-768x497.jpg 768w, https:\/\/wsrodnas.pl\/wp-content\/uploads\/2024\/05\/DSC00242-1536x994.jpg 1536w, https:\/\/wsrodnas.pl\/wp-content\/uploads\/2024\/05\/DSC00242-2048x1326.jpg 2048w\" sizes=\"(max-width: 1024px) 100vw, 1024px\" \/><\/figure>\n\n\n\n<figure class=\"wp-block-image size-large\"><img loading=\"lazy\" decoding=\"async\" width=\"1024\" height=\"856\" data-id=\"1440\" src=\"https:\/\/wsrodnas.pl\/wp-content\/uploads\/2024\/05\/DSC00249-1024x856.jpg\" alt=\"\" class=\"wp-image-1440\" srcset=\"https:\/\/wsrodnas.pl\/wp-content\/uploads\/2024\/05\/DSC00249-1024x856.jpg 1024w, https:\/\/wsrodnas.pl\/wp-content\/uploads\/2024\/05\/DSC00249-300x251.jpg 300w, https:\/\/wsrodnas.pl\/wp-content\/uploads\/2024\/05\/DSC00249-768x642.jpg 768w, https:\/\/wsrodnas.pl\/wp-content\/uploads\/2024\/05\/DSC00249-1536x1285.jpg 1536w, https:\/\/wsrodnas.pl\/wp-content\/uploads\/2024\/05\/DSC00249-2048x1713.jpg 2048w\" sizes=\"(max-width: 1024px) 100vw, 1024px\" \/><\/figure>\n<\/figure>\n\n\n\n<figure class=\"wp-block-gallery has-nested-images columns-default is-cropped wp-block-gallery-2 is-layout-flex wp-block-gallery-is-layout-flex\">\n<figure class=\"wp-block-image size-large\"><img loading=\"lazy\" decoding=\"async\" width=\"1024\" height=\"595\" data-id=\"1444\" src=\"https:\/\/wsrodnas.pl\/wp-content\/uploads\/2024\/05\/DSC00306-1024x595.jpg\" alt=\"\" class=\"wp-image-1444\" srcset=\"https:\/\/wsrodnas.pl\/wp-content\/uploads\/2024\/05\/DSC00306-1024x595.jpg 1024w, https:\/\/wsrodnas.pl\/wp-content\/uploads\/2024\/05\/DSC00306-300x174.jpg 300w, https:\/\/wsrodnas.pl\/wp-content\/uploads\/2024\/05\/DSC00306-768x446.jpg 768w, https:\/\/wsrodnas.pl\/wp-content\/uploads\/2024\/05\/DSC00306-1536x892.jpg 1536w, https:\/\/wsrodnas.pl\/wp-content\/uploads\/2024\/05\/DSC00306-2048x1190.jpg 2048w\" sizes=\"(max-width: 1024px) 100vw, 1024px\" \/><\/figure>\n\n\n\n<figure class=\"wp-block-image size-large\"><img loading=\"lazy\" decoding=\"async\" width=\"1024\" height=\"488\" data-id=\"1446\" src=\"https:\/\/wsrodnas.pl\/wp-content\/uploads\/2024\/05\/DSC00350-1024x488.jpg\" alt=\"\" class=\"wp-image-1446\" srcset=\"https:\/\/wsrodnas.pl\/wp-content\/uploads\/2024\/05\/DSC00350-1024x488.jpg 1024w, https:\/\/wsrodnas.pl\/wp-content\/uploads\/2024\/05\/DSC00350-300x143.jpg 300w, https:\/\/wsrodnas.pl\/wp-content\/uploads\/2024\/05\/DSC00350-768x366.jpg 768w, https:\/\/wsrodnas.pl\/wp-content\/uploads\/2024\/05\/DSC00350-1536x732.jpg 1536w, https:\/\/wsrodnas.pl\/wp-content\/uploads\/2024\/05\/DSC00350-2048x976.jpg 2048w\" sizes=\"(max-width: 1024px) 100vw, 1024px\" \/><\/figure>\n<\/figure>\n","protected":false},"excerpt":{"rendered":"<p>4.04.2024 po raz 13 obchodzili\u015bmy Mi\u0119dzynarodowy Dzie\u0144 \u015awiadomo\u015bci Autyzmu. Wsp\u00f3\u0142praca Stowarzyszenia Przyjaci\u00f3\u0142 Zespo\u0142u Szk\u00f3\u0142 Specjalnych \u201eW\u015br\u00f3d Nas\u201d z Zespo\u0142em Szk\u00f3\u0142 Specjalnych w Augustowie zaowocowa\u0142a zorganizowaniem Niebieskiego Marszu, podczas kt\u00f3rego wszyscy \u201e\u015awiecili\u015bmy na Niebiesko\u201d. Do udzia\u0142u w marszu zostali zaproszeniu uczniowie Augustowskiego Centrum Edukacyjnego oraz uczestnicy Hufca Pracy \u2013 za co wszystkim bardzo serdecznie dzi\u0119kujemy. \u201eZaopatrzeni\u201d [&hellip;]<\/p>\n","protected":false},"author":2,"featured_media":1448,"comment_status":"closed","ping_status":"open","sticky":false,"template":"","format":"standard","meta":{"footnotes":""},"categories":[11,1],"tags":[],"_links":{"self":[{"href":"https:\/\/wsrodnas.pl\/index.php?rest_route=\/wp\/v2\/posts\/1429"}],"collection":[{"href":"https:\/\/wsrodnas.pl\/index.php?rest_route=\/wp\/v2\/posts"}],"about":[{"href":"https:\/\/wsrodnas.pl\/index.php?rest_route=\/wp\/v2\/types\/post"}],"author":[{"embeddable":true,"href":"https:\/\/wsrodnas.pl\/index.php?rest_route=\/wp\/v2\/users\/2"}],"replies":[{"embeddable":true,"href":"https:\/\/wsrodnas.pl\/index.php?rest_route=%2Fwp%2Fv2%2Fcomments&post=1429"}],"version-history":[{"count":2,"href":"https:\/\/wsrodnas.pl\/index.php?rest_route=\/wp\/v2\/posts\/1429\/revisions"}],"predecessor-version":[{"id":1453,"href":"https:\/\/wsrodnas.pl\/index.php?rest_route=\/wp\/v2\/posts\/1429\/revisions\/1453"}],"wp:featuredmedia":[{"embeddable":true,"href":"https:\/\/wsrodnas.pl\/index.php?rest_route=\/wp\/v2\/media\/1448"}],"wp:attachment":[{"href":"https:\/\/wsrodnas.pl\/index.php?rest_route=%2Fwp%2Fv2%2Fmedia&parent=1429"}],"wp:term":[{"taxonomy":"category","embeddable":true,"href":"https:\/\/wsrodnas.pl\/index.php?rest_route=%2Fwp%2Fv2%2Fcategories&post=1429"},{"taxonomy":"post_tag","embeddable":true,"href":"https:\/\/wsrodnas.pl\/index.php?rest_route=%2Fwp%2Fv2%2Ftags&post=1429"}],"curies":[{"name":"wp","href":"https:\/\/api.w.org\/{rel}","templated":true}]}}