{"id":1309,"date":"2023-10-03T18:22:54","date_gmt":"2023-10-03T17:22:54","guid":{"rendered":"https:\/\/wsrodnas.pl\/?p=1309"},"modified":"2023-10-03T18:23:40","modified_gmt":"2023-10-03T17:23:40","slug":"wycieczka-do-suwalk","status":"publish","type":"post","link":"https:\/\/wsrodnas.pl\/?p=1309","title":{"rendered":"Wycieczka do Suwa\u0142k"},"content":{"rendered":"\n<h3 class=\"wp-block-heading\"><strong>26.09.2023 spo\u0142eczno\u015b\u0107 szko\u0142y wyruszy\u0142a na wycieczk\u0119 do Suwa\u0142k zorganizowan\u0105 przez Stowarzyszenie Przyjaci\u00f3\u0142 Zespo\u0142u Szk\u00f3\u0142 Specjalnych \u201eW\u015br\u00f3d Nas\u201d. Wyjazd zosta\u0142 zaproponowany w ramach realizacji zadania publicznego \u201eAktywno\u015b\u0107 wspiera rozw\u00f3j\u201d, wsp\u00f3\u0142finansowanego przez Gmin\u0119 Miasto August\u00f3w. Zwiedzili\u015bmy Muzeum Marii Konopnickiej, a w nim niedawno otwart\u0105 wystaw\u0119 \u201ePie\u015b\u0144 o domu\u201d. Mie\u015bci si\u0119 w dw\u00f3ch skrzyd\u0142ach budynku Muzeum i dzieli na 11 scen. Zaskakuje widza po\u0142\u0105czeniem artefakt\u00f3w, niezwyk\u0142ych rozwi\u0105za\u0144 scenograficznych, instalacji rze\u017abiarskich, grafik oraz nowoczesnych multimedi\u00f3w, kt\u00f3re sk\u0142adaj\u0105 si\u0119 na poszczeg\u00f3lne sceny i towarzysz\u0105 narracji. Ka\u017cda scena to osobne wspomnienie poetki. Obrana konwencja przedstawienia jej biografii jako ci\u0105gu wspomnie\u0144 \u2013 w\u0119dr\u00f3wki po zakamarkach jej umys\u0142u, poznawania jej bujnej wyobra\u017ani, marze\u0144, ambicji, mozaiki emocji oraz przenikaj\u0105cych si\u0119 przeciwstawnych \u015bwiatopogl\u0105d\u00f3w, zmusi\u0142a nas do osobistej interpretacji i refleksji. Nast\u0119pnie udali\u015bmy si\u0119 do Muzeum Okr\u0119gowego, gdzie przenie\u015bli\u015bmy si\u0119 w \u015bwiat archeologii. Na pocz\u0105tek brali\u015bmy udzia\u0142 w warsztatach o \u201eModzie pradziejowej\u201d poznaj\u0105c tajniki \u017cycia Ja\u0107wing\u00f3w, zamieszkuj\u0105cych nasze tereny. Zaprezentowano nam repliki pradziejowych lnianych stroj\u00f3w, w\u0142\u0105cznie z mo\u017cliwo\u015bci\u0105 przebrania si\u0119 za Ja\u0107winga. Dodatkow\u0105 atrakcj\u0105 by\u0142o samodzielne wykonanie ozd\u00f3b z miedzi \u2013 pier\u015bcienia i zawieszki, &nbsp;poprzez na\u015bladownictwo oryginalnych przedmiot\u00f3w pochodz\u0105cych z wykopalisk archeologicznych, kt\u00f3re zabrali\u015bmy ze sob\u0105 na pami\u0105tk\u0119. Wizyta w muzeum to r\u00f3wnie\u017c zwiedzenie wystawy malarstwa Alfreda Wierusza &#8211; &nbsp;Kowalskiego. Odbyli\u015bmy wycieczk\u0119 archeologiczn\u0105 poprzez zwiedzanie wystawy \u201eNajstarsze dzieje. Suwalszczyzna i Wschodnie Mazury os schy\u0142ku epoki lodowej do upadku Ja\u0107wie\u017cy\u201d. By\u0142a to r\u00f3wnie\u017c szansa na poznanie ekspozycji \u201eNa dziejowym szlaku\u201d prezentuj\u0105cej opowie\u015b\u0107 o dziejach regionu, miasta oraz zwi\u0105zanych z ich histori\u0105 wydarze\u0144 i ludzi. Jej wielow\u0105tkowy charakter&nbsp; &nbsp;ukazuje r\u00f3\u017cne aspekty dziej\u00f3w regionu: wielowyznaniowo\u015b\u0107&nbsp;&nbsp;i wielokulturowo\u015b\u0107 mieszka\u0144c\u00f3w, ich aktywno\u015b\u0107 na polu spo\u0142ecznym, gospodarczym, kulturalnym, o\u015bwiatowym, \u017cycie codzienne, dzia\u0142alno\u015b\u0107 niepodleg\u0142o\u015bciow\u0105 oraz obecno\u015b\u0107 wojska w \u017cyciu miasta. Wyprawa pozwoli\u0142a nam pozna\u0107 przesz\u0142o\u015b\u0107 naszej Ma\u0142ej Ojczyzny.<\/strong><\/h3>\n\n\n\n<h3 class=\"has-text-align-right wp-block-heading\">p. Halina Szulewska, p. Agnieszka Turowska<\/h3>\n\n\n\n<figure class=\"wp-block-image size-large\"><img loading=\"lazy\" decoding=\"async\" width=\"1024\" height=\"768\" src=\"https:\/\/wsrodnas.pl\/wp-content\/uploads\/2023\/10\/IMG_20230926_120241150-1024x768.jpg\" alt=\"\" class=\"wp-image-1310\" srcset=\"https:\/\/wsrodnas.pl\/wp-content\/uploads\/2023\/10\/IMG_20230926_120241150-1024x768.jpg 1024w, https:\/\/wsrodnas.pl\/wp-content\/uploads\/2023\/10\/IMG_20230926_120241150-300x225.jpg 300w, https:\/\/wsrodnas.pl\/wp-content\/uploads\/2023\/10\/IMG_20230926_120241150-768x576.jpg 768w, https:\/\/wsrodnas.pl\/wp-content\/uploads\/2023\/10\/IMG_20230926_120241150-1536x1152.jpg 1536w, https:\/\/wsrodnas.pl\/wp-content\/uploads\/2023\/10\/IMG_20230926_120241150-2048x1536.jpg 2048w\" sizes=\"(max-width: 1024px) 100vw, 1024px\" \/><\/figure>\n\n\n\n<figure class=\"wp-block-image size-large\"><img loading=\"lazy\" decoding=\"async\" width=\"1024\" height=\"768\" src=\"https:\/\/wsrodnas.pl\/wp-content\/uploads\/2023\/10\/2FDF1842-66BF-42C5-A56C-7119B3FB2DB8-1024x768.jpeg\" alt=\"\" class=\"wp-image-1311\" srcset=\"https:\/\/wsrodnas.pl\/wp-content\/uploads\/2023\/10\/2FDF1842-66BF-42C5-A56C-7119B3FB2DB8-1024x768.jpeg 1024w, https:\/\/wsrodnas.pl\/wp-content\/uploads\/2023\/10\/2FDF1842-66BF-42C5-A56C-7119B3FB2DB8-300x225.jpeg 300w, https:\/\/wsrodnas.pl\/wp-content\/uploads\/2023\/10\/2FDF1842-66BF-42C5-A56C-7119B3FB2DB8-768x576.jpeg 768w, https:\/\/wsrodnas.pl\/wp-content\/uploads\/2023\/10\/2FDF1842-66BF-42C5-A56C-7119B3FB2DB8-1536x1152.jpeg 1536w, https:\/\/wsrodnas.pl\/wp-content\/uploads\/2023\/10\/2FDF1842-66BF-42C5-A56C-7119B3FB2DB8-2048x1536.jpeg 2048w\" sizes=\"(max-width: 1024px) 100vw, 1024px\" \/><\/figure>\n\n\n\n<figure class=\"wp-block-image size-large\"><img loading=\"lazy\" decoding=\"async\" width=\"1024\" height=\"768\" src=\"https:\/\/wsrodnas.pl\/wp-content\/uploads\/2023\/10\/77A23CD4-7E0C-45EC-8868-53F0A81C65C7-1024x768.jpeg\" alt=\"\" class=\"wp-image-1313\" srcset=\"https:\/\/wsrodnas.pl\/wp-content\/uploads\/2023\/10\/77A23CD4-7E0C-45EC-8868-53F0A81C65C7-1024x768.jpeg 1024w, https:\/\/wsrodnas.pl\/wp-content\/uploads\/2023\/10\/77A23CD4-7E0C-45EC-8868-53F0A81C65C7-300x225.jpeg 300w, https:\/\/wsrodnas.pl\/wp-content\/uploads\/2023\/10\/77A23CD4-7E0C-45EC-8868-53F0A81C65C7-768x576.jpeg 768w, https:\/\/wsrodnas.pl\/wp-content\/uploads\/2023\/10\/77A23CD4-7E0C-45EC-8868-53F0A81C65C7-1536x1152.jpeg 1536w, https:\/\/wsrodnas.pl\/wp-content\/uploads\/2023\/10\/77A23CD4-7E0C-45EC-8868-53F0A81C65C7-2048x1536.jpeg 2048w\" sizes=\"(max-width: 1024px) 100vw, 1024px\" \/><\/figure>\n\n\n\n<figure class=\"wp-block-image size-large\"><img loading=\"lazy\" decoding=\"async\" width=\"1024\" height=\"768\" src=\"https:\/\/wsrodnas.pl\/wp-content\/uploads\/2023\/10\/B6E29B83-13B0-43D0-8689-F981B895D566-1024x768.jpeg\" alt=\"\" class=\"wp-image-1312\" srcset=\"https:\/\/wsrodnas.pl\/wp-content\/uploads\/2023\/10\/B6E29B83-13B0-43D0-8689-F981B895D566-1024x768.jpeg 1024w, https:\/\/wsrodnas.pl\/wp-content\/uploads\/2023\/10\/B6E29B83-13B0-43D0-8689-F981B895D566-300x225.jpeg 300w, https:\/\/wsrodnas.pl\/wp-content\/uploads\/2023\/10\/B6E29B83-13B0-43D0-8689-F981B895D566-768x576.jpeg 768w, https:\/\/wsrodnas.pl\/wp-content\/uploads\/2023\/10\/B6E29B83-13B0-43D0-8689-F981B895D566-1536x1152.jpeg 1536w, https:\/\/wsrodnas.pl\/wp-content\/uploads\/2023\/10\/B6E29B83-13B0-43D0-8689-F981B895D566-2048x1536.jpeg 2048w\" sizes=\"(max-width: 1024px) 100vw, 1024px\" \/><\/figure>\n\n\n\n<figure class=\"wp-block-image size-large\"><img loading=\"lazy\" decoding=\"async\" width=\"1024\" height=\"768\" src=\"https:\/\/wsrodnas.pl\/wp-content\/uploads\/2023\/10\/IMG_20230926_115947102-1024x768.jpg\" alt=\"\" class=\"wp-image-1314\" srcset=\"https:\/\/wsrodnas.pl\/wp-content\/uploads\/2023\/10\/IMG_20230926_115947102-1024x768.jpg 1024w, https:\/\/wsrodnas.pl\/wp-content\/uploads\/2023\/10\/IMG_20230926_115947102-300x225.jpg 300w, https:\/\/wsrodnas.pl\/wp-content\/uploads\/2023\/10\/IMG_20230926_115947102-768x576.jpg 768w, https:\/\/wsrodnas.pl\/wp-content\/uploads\/2023\/10\/IMG_20230926_115947102-1536x1152.jpg 1536w, https:\/\/wsrodnas.pl\/wp-content\/uploads\/2023\/10\/IMG_20230926_115947102-2048x1536.jpg 2048w\" sizes=\"(max-width: 1024px) 100vw, 1024px\" \/><\/figure>\n\n\n\n<figure class=\"wp-block-image size-large\"><img loading=\"lazy\" decoding=\"async\" width=\"1024\" height=\"768\" src=\"https:\/\/wsrodnas.pl\/wp-content\/uploads\/2023\/10\/FBF999A1-85E2-417A-BDA8-3A702A113578-1024x768.jpeg\" alt=\"\" class=\"wp-image-1315\" srcset=\"https:\/\/wsrodnas.pl\/wp-content\/uploads\/2023\/10\/FBF999A1-85E2-417A-BDA8-3A702A113578-1024x768.jpeg 1024w, https:\/\/wsrodnas.pl\/wp-content\/uploads\/2023\/10\/FBF999A1-85E2-417A-BDA8-3A702A113578-300x225.jpeg 300w, https:\/\/wsrodnas.pl\/wp-content\/uploads\/2023\/10\/FBF999A1-85E2-417A-BDA8-3A702A113578-768x576.jpeg 768w, https:\/\/wsrodnas.pl\/wp-content\/uploads\/2023\/10\/FBF999A1-85E2-417A-BDA8-3A702A113578-1536x1152.jpeg 1536w, https:\/\/wsrodnas.pl\/wp-content\/uploads\/2023\/10\/FBF999A1-85E2-417A-BDA8-3A702A113578-2048x1536.jpeg 2048w\" sizes=\"(max-width: 1024px) 100vw, 1024px\" \/><\/figure>\n\n\n\n<figure class=\"wp-block-image size-large\"><img loading=\"lazy\" decoding=\"async\" width=\"1024\" height=\"768\" src=\"https:\/\/wsrodnas.pl\/wp-content\/uploads\/2023\/10\/IMG_20230926_090039810-1024x768.jpg\" alt=\"\" class=\"wp-image-1316\" srcset=\"https:\/\/wsrodnas.pl\/wp-content\/uploads\/2023\/10\/IMG_20230926_090039810-1024x768.jpg 1024w, https:\/\/wsrodnas.pl\/wp-content\/uploads\/2023\/10\/IMG_20230926_090039810-300x225.jpg 300w, https:\/\/wsrodnas.pl\/wp-content\/uploads\/2023\/10\/IMG_20230926_090039810-768x576.jpg 768w, https:\/\/wsrodnas.pl\/wp-content\/uploads\/2023\/10\/IMG_20230926_090039810-1536x1152.jpg 1536w, https:\/\/wsrodnas.pl\/wp-content\/uploads\/2023\/10\/IMG_20230926_090039810-2048x1536.jpg 2048w\" sizes=\"(max-width: 1024px) 100vw, 1024px\" \/><\/figure>\n","protected":false},"excerpt":{"rendered":"<p>26.09.2023 spo\u0142eczno\u015b\u0107 szko\u0142y wyruszy\u0142a na wycieczk\u0119 do Suwa\u0142k zorganizowan\u0105 przez Stowarzyszenie Przyjaci\u00f3\u0142 Zespo\u0142u Szk\u00f3\u0142 Specjalnych \u201eW\u015br\u00f3d Nas\u201d. Wyjazd zosta\u0142 zaproponowany w ramach realizacji zadania publicznego \u201eAktywno\u015b\u0107 wspiera rozw\u00f3j\u201d, wsp\u00f3\u0142finansowanego przez Gmin\u0119 Miasto August\u00f3w. Zwiedzili\u015bmy Muzeum Marii Konopnickiej, a w nim niedawno otwart\u0105 wystaw\u0119 \u201ePie\u015b\u0144 o domu\u201d. Mie\u015bci si\u0119 w dw\u00f3ch skrzyd\u0142ach budynku Muzeum i dzieli [&hellip;]<\/p>\n","protected":false},"author":2,"featured_media":1310,"comment_status":"closed","ping_status":"open","sticky":false,"template":"","format":"standard","meta":{"footnotes":""},"categories":[11,1],"tags":[],"_links":{"self":[{"href":"https:\/\/wsrodnas.pl\/index.php?rest_route=\/wp\/v2\/posts\/1309"}],"collection":[{"href":"https:\/\/wsrodnas.pl\/index.php?rest_route=\/wp\/v2\/posts"}],"about":[{"href":"https:\/\/wsrodnas.pl\/index.php?rest_route=\/wp\/v2\/types\/post"}],"author":[{"embeddable":true,"href":"https:\/\/wsrodnas.pl\/index.php?rest_route=\/wp\/v2\/users\/2"}],"replies":[{"embeddable":true,"href":"https:\/\/wsrodnas.pl\/index.php?rest_route=%2Fwp%2Fv2%2Fcomments&post=1309"}],"version-history":[{"count":2,"href":"https:\/\/wsrodnas.pl\/index.php?rest_route=\/wp\/v2\/posts\/1309\/revisions"}],"predecessor-version":[{"id":1318,"href":"https:\/\/wsrodnas.pl\/index.php?rest_route=\/wp\/v2\/posts\/1309\/revisions\/1318"}],"wp:featuredmedia":[{"embeddable":true,"href":"https:\/\/wsrodnas.pl\/index.php?rest_route=\/wp\/v2\/media\/1310"}],"wp:attachment":[{"href":"https:\/\/wsrodnas.pl\/index.php?rest_route=%2Fwp%2Fv2%2Fmedia&parent=1309"}],"wp:term":[{"taxonomy":"category","embeddable":true,"href":"https:\/\/wsrodnas.pl\/index.php?rest_route=%2Fwp%2Fv2%2Fcategories&post=1309"},{"taxonomy":"post_tag","embeddable":true,"href":"https:\/\/wsrodnas.pl\/index.php?rest_route=%2Fwp%2Fv2%2Ftags&post=1309"}],"curies":[{"name":"wp","href":"https:\/\/api.w.org\/{rel}","templated":true}]}}