{"id":1233,"date":"2023-05-16T19:05:52","date_gmt":"2023-05-16T18:05:52","guid":{"rendered":"https:\/\/wsrodnas.pl\/?p=1233"},"modified":"2023-09-10T18:39:52","modified_gmt":"2023-09-10T17:39:52","slug":"wycieczka-do-warszawy","status":"publish","type":"post","link":"https:\/\/wsrodnas.pl\/?p=1233","title":{"rendered":"Wycieczka do Warszawy"},"content":{"rendered":"\n<p class=\"has-text-align-center\">Uczniowie  szko\u0142y, a nasi podopieczni, w dniach 10 &#8211; 12.05.2023, wzi\u0119li udzia\u0142 w trzydniowej wycieczce do Warszawy w ramach przedsi\u0119wzi\u0119cia Ministra Edukacji i Nauki \u201ePoznaj Polsk\u0119\u201d. Podczas pobytu w stolicy kraju zwiedzili\u015bmy &nbsp;Muzeum Pa\u0142acu Kr\u00f3la Jana III w Wilanowie \u2013 uczestnicz\u0105c w lekcji muzealnej pozwalaj\u0105cej odby\u0107 bardzo uroczyst\u0105 wizyt\u0119 u kr\u00f3la. Jedna z dziewcz\u0105t mia\u0142a okazj\u0119 przebra\u0107 si\u0119 w tradycyjny str\u00f3j szlachecki z czas\u00f3w, w kt\u00f3rych kr\u00f3l Jan III Sobieski \u017cy\u0142. Nast\u0119pnie udali\u015bmy si\u0119 do &nbsp;Muzeum \u0141azienki Kr\u00f3lewskie w Warszawie \u2013 tam spaceruj\u0105c po parku zwiedzili\u015bmy Pa\u0142ac na Wodzie, Star\u0105 Oran\u017ceri\u0119, Wodozbi\u00f3r, Bia\u0142y Domek i Pa\u0142ac My\u015blewicki. Ogromne wra\u017cenie zrobi\u0142y na nas te zabytkowe wn\u0119trza wraz z ich niepowtarzalnym wystrojem i mn\u00f3stwem dzie\u0142 sztuki malarskiej i rze\u017abiarskiej. Po \u0141azienkach biega\u0142y rude wiewi\u00f3rki i przechadza\u0142y si\u0119 dostojne pawie. Udali\u015bmy si\u0119 na Bulwary Wi\u015blane \u2013 chc\u0105c na w\u0142asne oczy zobaczy\u0107 najwi\u0119ksz\u0105 polsk\u0105 rzek\u0119. Kolejnego dnia zwiedzali\u015bmy star\u00f3wk\u0119 \u2013 Barbakan, Stary Rynek, Plac Zamkowy, zabytkowe kolorowe kamienice, pomniki z kolumn\u0105 Jana III Wazy zachwyci\u0142y nas. Zwiedzanie Zamku Kr\u00f3lewskiego &#8211; Muzeum rezydencji Kr\u00f3l\u00f3w Rzeczypospolitej pozwoli\u0142y nam na przeniesienie si\u0119 do przesz\u0142o\u015bci. Przepi\u0119kne, bogato zdobione wn\u0119trza oraz ich historia wywar\u0142y na nas wra\u017cenie, a tron kr\u00f3lewski zdobiony or\u0142ami by\u0142 wprost zachwycaj\u0105cy. W Centrum Nauki Kopernik mieli\u015bmy okazj\u0119 zamieni\u0107 si\u0119 w m\u0142odych naukowc\u00f3w i poeksperymentowa\u0107 zwiedzaj\u0105c r\u00f3\u017cne zamieszczone eksponaty. Szczeg\u00f3lnie podoba\u0142 si\u0119 nam samoch\u00f3d przysz\u0142o\u015bci oraz eksperymenty z wod\u0105 i d\u017awi\u0119kami. Dyskoteka na magicznej&nbsp; macie wydaj\u0105cej odg\u0142osy to niepowtarzalne do\u015bwiadczenie. Udali\u015bmy si\u0119 te\u017c pod Pa\u0142ac Prezydencki, na&nbsp; Gr\u00f3b Nieznanego \u017bo\u0142nierza, do ogrodu Saskiego, na Krakowskie Przedmie\u015bcie oraz do g\u0142\u00f3wnej siedziby Uniwersytetu Warszawskiego. Odwiedzili\u015bmy ogr\u00f3d botaniczny na dachu Biblioteki Uniwersytetu Warszawskiego, gdzie z tarasu widokowego podziwiali\u015bmy warszawskie krajobrazy. Ostatniego dnia wycieczki w Muzeum Niepodleg\u0142o\u015bci mieli\u015bmy lekcj\u0119 o symbolach narodowych \u2013 ich historii, tego jak si\u0119 zmienia\u0142y przez lata. Ostatnim punktem programu by\u0142o Muzeum J\u00f3zefa Pi\u0142sudskiego w Sulej\u00f3wku. Mieli\u015bmy okazj\u0119 pozna\u0107 tego wybitnego Polaka, jego \u017cycie, dzia\u0142alno\u015b\u0107 oraz niebagatelne znaczenie dla odzyskania niepodleg\u0142o\u015bci przez Polsk\u0119.&nbsp; Trzy dni pobytu w Warszawie pozwoli\u0142y nam na zwiedzenie wielu ciekawych miejsc w Stolicy kraju oraz zdobycie nowej wiedzy i umiej\u0119tno\u015bci. Bardzo serdecznie dzi\u0119kujemy za pokrycie wk\u0142adu finansowego szko\u0142y przez Stowarzyszenie Przyjaci\u00f3\u0142 Zespo\u0142u Szk\u00f3\u0142 Specjalnych \u201eW\u015br\u00f3d Nas\u201d w Augustowie.<\/p>\n\n\n\n<p class=\"has-text-align-right\">&nbsp;&nbsp; Opiekunowie grupy: Katarzyna Kasjanowicz, Katarzyna Nied\u017awiecka,<\/p>\n\n\n\n<p class=\"has-text-align-right\">&nbsp;Urszula Sie\u0144kowska \u2013 Cioch , Agnieszka Turowska<\/p>\n\n\n\n<figure class=\"wp-block-image size-large\"><img loading=\"lazy\" decoding=\"async\" width=\"1024\" height=\"768\" src=\"https:\/\/wsrodnas.pl\/wp-content\/uploads\/2023\/09\/IMG_20230510_115214758-1024x768.jpg\" alt=\"\" class=\"wp-image-1289\" srcset=\"https:\/\/wsrodnas.pl\/wp-content\/uploads\/2023\/09\/IMG_20230510_115214758-1024x768.jpg 1024w, https:\/\/wsrodnas.pl\/wp-content\/uploads\/2023\/09\/IMG_20230510_115214758-300x225.jpg 300w, https:\/\/wsrodnas.pl\/wp-content\/uploads\/2023\/09\/IMG_20230510_115214758-768x576.jpg 768w, https:\/\/wsrodnas.pl\/wp-content\/uploads\/2023\/09\/IMG_20230510_115214758-1536x1152.jpg 1536w, https:\/\/wsrodnas.pl\/wp-content\/uploads\/2023\/09\/IMG_20230510_115214758-2048x1536.jpg 2048w\" sizes=\"(max-width: 1024px) 100vw, 1024px\" \/><\/figure>\n\n\n\n<figure class=\"wp-block-image size-large\"><img loading=\"lazy\" decoding=\"async\" width=\"1024\" height=\"768\" src=\"https:\/\/wsrodnas.pl\/wp-content\/uploads\/2023\/09\/IMG_20230510_121830610-1024x768.jpg\" alt=\"\" class=\"wp-image-1291\" srcset=\"https:\/\/wsrodnas.pl\/wp-content\/uploads\/2023\/09\/IMG_20230510_121830610-1024x768.jpg 1024w, https:\/\/wsrodnas.pl\/wp-content\/uploads\/2023\/09\/IMG_20230510_121830610-300x225.jpg 300w, https:\/\/wsrodnas.pl\/wp-content\/uploads\/2023\/09\/IMG_20230510_121830610-768x576.jpg 768w, https:\/\/wsrodnas.pl\/wp-content\/uploads\/2023\/09\/IMG_20230510_121830610-1536x1152.jpg 1536w, https:\/\/wsrodnas.pl\/wp-content\/uploads\/2023\/09\/IMG_20230510_121830610-2048x1536.jpg 2048w\" sizes=\"(max-width: 1024px) 100vw, 1024px\" \/><\/figure>\n\n\n\n<figure class=\"wp-block-image size-large\"><img loading=\"lazy\" decoding=\"async\" width=\"1024\" height=\"768\" src=\"https:\/\/wsrodnas.pl\/wp-content\/uploads\/2023\/09\/IMG_20230511_100228324-1024x768.jpg\" alt=\"\" class=\"wp-image-1292\" srcset=\"https:\/\/wsrodnas.pl\/wp-content\/uploads\/2023\/09\/IMG_20230511_100228324-1024x768.jpg 1024w, https:\/\/wsrodnas.pl\/wp-content\/uploads\/2023\/09\/IMG_20230511_100228324-300x225.jpg 300w, https:\/\/wsrodnas.pl\/wp-content\/uploads\/2023\/09\/IMG_20230511_100228324-768x576.jpg 768w, https:\/\/wsrodnas.pl\/wp-content\/uploads\/2023\/09\/IMG_20230511_100228324-1536x1152.jpg 1536w, https:\/\/wsrodnas.pl\/wp-content\/uploads\/2023\/09\/IMG_20230511_100228324-2048x1536.jpg 2048w\" sizes=\"(max-width: 1024px) 100vw, 1024px\" \/><\/figure>\n\n\n\n<figure class=\"wp-block-image size-large\"><img loading=\"lazy\" decoding=\"async\" width=\"1024\" height=\"768\" src=\"https:\/\/wsrodnas.pl\/wp-content\/uploads\/2023\/09\/IMG_20230510_145937894-1024x768.jpg\" alt=\"\" class=\"wp-image-1295\" srcset=\"https:\/\/wsrodnas.pl\/wp-content\/uploads\/2023\/09\/IMG_20230510_145937894-1024x768.jpg 1024w, https:\/\/wsrodnas.pl\/wp-content\/uploads\/2023\/09\/IMG_20230510_145937894-300x225.jpg 300w, https:\/\/wsrodnas.pl\/wp-content\/uploads\/2023\/09\/IMG_20230510_145937894-768x576.jpg 768w, https:\/\/wsrodnas.pl\/wp-content\/uploads\/2023\/09\/IMG_20230510_145937894-1536x1152.jpg 1536w, https:\/\/wsrodnas.pl\/wp-content\/uploads\/2023\/09\/IMG_20230510_145937894-2048x1536.jpg 2048w\" sizes=\"(max-width: 1024px) 100vw, 1024px\" \/><\/figure>\n\n\n\n<figure class=\"wp-block-image size-large\"><img loading=\"lazy\" decoding=\"async\" width=\"1024\" height=\"768\" src=\"https:\/\/wsrodnas.pl\/wp-content\/uploads\/2023\/09\/IMG_20230511_135448955-1024x768.jpg\" alt=\"\" class=\"wp-image-1293\" srcset=\"https:\/\/wsrodnas.pl\/wp-content\/uploads\/2023\/09\/IMG_20230511_135448955-1024x768.jpg 1024w, https:\/\/wsrodnas.pl\/wp-content\/uploads\/2023\/09\/IMG_20230511_135448955-300x225.jpg 300w, https:\/\/wsrodnas.pl\/wp-content\/uploads\/2023\/09\/IMG_20230511_135448955-768x576.jpg 768w, https:\/\/wsrodnas.pl\/wp-content\/uploads\/2023\/09\/IMG_20230511_135448955-1536x1152.jpg 1536w, https:\/\/wsrodnas.pl\/wp-content\/uploads\/2023\/09\/IMG_20230511_135448955-2048x1536.jpg 2048w\" sizes=\"(max-width: 1024px) 100vw, 1024px\" \/><\/figure>\n\n\n\n<figure class=\"wp-block-image size-large\"><img loading=\"lazy\" decoding=\"async\" width=\"1024\" height=\"768\" src=\"https:\/\/wsrodnas.pl\/wp-content\/uploads\/2023\/09\/IMG_20230511_163333945-1024x768.jpg\" alt=\"\" class=\"wp-image-1294\" srcset=\"https:\/\/wsrodnas.pl\/wp-content\/uploads\/2023\/09\/IMG_20230511_163333945-1024x768.jpg 1024w, https:\/\/wsrodnas.pl\/wp-content\/uploads\/2023\/09\/IMG_20230511_163333945-300x225.jpg 300w, https:\/\/wsrodnas.pl\/wp-content\/uploads\/2023\/09\/IMG_20230511_163333945-768x576.jpg 768w, https:\/\/wsrodnas.pl\/wp-content\/uploads\/2023\/09\/IMG_20230511_163333945-1536x1152.jpg 1536w, https:\/\/wsrodnas.pl\/wp-content\/uploads\/2023\/09\/IMG_20230511_163333945-2048x1536.jpg 2048w\" sizes=\"(max-width: 1024px) 100vw, 1024px\" \/><\/figure>\n","protected":false},"excerpt":{"rendered":"<p>Uczniowie szko\u0142y, a nasi podopieczni, w dniach 10 &#8211; 12.05.2023, wzi\u0119li udzia\u0142 w trzydniowej wycieczce do Warszawy w ramach przedsi\u0119wzi\u0119cia Ministra Edukacji i Nauki \u201ePoznaj Polsk\u0119\u201d. Podczas pobytu w stolicy kraju zwiedzili\u015bmy &nbsp;Muzeum Pa\u0142acu Kr\u00f3la Jana III w Wilanowie \u2013 uczestnicz\u0105c w lekcji muzealnej pozwalaj\u0105cej odby\u0107 bardzo uroczyst\u0105 wizyt\u0119 u kr\u00f3la. Jedna z dziewcz\u0105t mia\u0142a [&hellip;]<\/p>\n","protected":false},"author":2,"featured_media":1292,"comment_status":"closed","ping_status":"open","sticky":false,"template":"","format":"standard","meta":{"footnotes":""},"categories":[11],"tags":[],"_links":{"self":[{"href":"https:\/\/wsrodnas.pl\/index.php?rest_route=\/wp\/v2\/posts\/1233"}],"collection":[{"href":"https:\/\/wsrodnas.pl\/index.php?rest_route=\/wp\/v2\/posts"}],"about":[{"href":"https:\/\/wsrodnas.pl\/index.php?rest_route=\/wp\/v2\/types\/post"}],"author":[{"embeddable":true,"href":"https:\/\/wsrodnas.pl\/index.php?rest_route=\/wp\/v2\/users\/2"}],"replies":[{"embeddable":true,"href":"https:\/\/wsrodnas.pl\/index.php?rest_route=%2Fwp%2Fv2%2Fcomments&post=1233"}],"version-history":[{"count":4,"href":"https:\/\/wsrodnas.pl\/index.php?rest_route=\/wp\/v2\/posts\/1233\/revisions"}],"predecessor-version":[{"id":1296,"href":"https:\/\/wsrodnas.pl\/index.php?rest_route=\/wp\/v2\/posts\/1233\/revisions\/1296"}],"wp:featuredmedia":[{"embeddable":true,"href":"https:\/\/wsrodnas.pl\/index.php?rest_route=\/wp\/v2\/media\/1292"}],"wp:attachment":[{"href":"https:\/\/wsrodnas.pl\/index.php?rest_route=%2Fwp%2Fv2%2Fmedia&parent=1233"}],"wp:term":[{"taxonomy":"category","embeddable":true,"href":"https:\/\/wsrodnas.pl\/index.php?rest_route=%2Fwp%2Fv2%2Fcategories&post=1233"},{"taxonomy":"post_tag","embeddable":true,"href":"https:\/\/wsrodnas.pl\/index.php?rest_route=%2Fwp%2Fv2%2Ftags&post=1233"}],"curies":[{"name":"wp","href":"https:\/\/api.w.org\/{rel}","templated":true}]}}