{"id":1130,"date":"2022-06-19T15:41:52","date_gmt":"2022-06-19T14:41:52","guid":{"rendered":"http:\/\/wsrodnas.pl\/?p=1130"},"modified":"2022-06-19T15:42:05","modified_gmt":"2022-06-19T14:42:05","slug":"iii-konkurs-plastyczny-swiat-niebieskich-rozstrzygniety","status":"publish","type":"post","link":"https:\/\/wsrodnas.pl\/?p=1130","title":{"rendered":"III Konkurs Plastyczny \u201e\u015awiat Niebieskich\u201d rozstrzygni\u0119ty!!!"},"content":{"rendered":"\n<p>Na pocz\u0105tku czerwca odby\u0142o si\u0119 rozstrzygni\u0119cie III Konkursu Plastycznego \u201e\u015awiat Niebieskich\u201d. Tego samego dnia odby\u0142 si\u0119 wernisa\u017c wystawy pokonkursowej na kt\u00f3r\u0105 wp\u0142yn\u0119\u0142o ponad 40 prac wykonanych r\u00f3\u017cnorodnymi technikami artystycznego wyrazu. W tym roku dominuj\u0105ca kolorystyka to niebieski i \u017c\u00f3\u0142ty, nawi\u0105zuj\u0105ca do zbi\u00f3rki materialnej na rzecz Ukrai\u0144c\u00f3w dotkni\u0119tych wojn\u0105, a zamieszkuj\u0105cych i ucz\u0105cych si\u0119 na naszym terenie. Poziom artystyczny zaprezentowanych \u201edzie\u0142\u201d by\u0142 wyj\u0105tkowo wysoki, st\u0105d komisja konkursowa postanowi\u0142a przyzna\u0107 r\u00f3wnorz\u0119dne nagrody wszystkim bior\u0105cym w nim udzia\u0142 artystom. Ka\u017cdy otrzyma\u0142 pami\u0105tkowy dyplom, nagrod\u0119 indywidualn\u0105 oraz nagrod\u0119 na klas\u0119 \u2013 do wsp\u00f3lnego wykorzystania podczas zaj\u0119\u0107 edukacyjnych. Konkurs odby\u0142 si\u0119 w ramach zadania publicznego wsp\u00f3\u0142finansowanego przez Gmin\u0119 Miasto August\u00f3w, &nbsp;realizowanego przez Stowarzyszenie Przyjaci\u00f3\u0142 Zespo\u0142u Szk\u00f3\u0142 Specjalnych \u201eW\u015br\u00f3d Nas\u201d pod tytu\u0142em \u201eWsp\u00f3lnie mo\u017cemy wi\u0119cej\u201d. Dodatkowe niespodzianki ufundowa\u0142a P. Bo\u017cena Sobolewska z Avivy w postaci maskotek \u201ePan Piku\u015b\u201d oraz linijek odblaskowych, za co bardzo serdecznie dzi\u0119kujemy. Wyrazy wdzi\u0119czno\u015bci wyra\u017camy r\u00f3wnie\u017c wszystkim nauczycielom i opiekunom uczni\u00f3w, kt\u00f3rzy wzi\u0119li udzia\u0142 w konkursie. Prace konkursowe pos\u0142u\u017c\u0105 do wydania kalendarza na 2023 rok.<\/p>\n\n\n\n<p>p. Halina Szulewska, p. Agnieszka Turowska<\/p>\n","protected":false},"excerpt":{"rendered":"<p>Na pocz\u0105tku czerwca odby\u0142o si\u0119 rozstrzygni\u0119cie III Konkursu Plastycznego \u201e\u015awiat Niebieskich\u201d. Tego samego dnia odby\u0142 si\u0119 wernisa\u017c wystawy pokonkursowej na kt\u00f3r\u0105 wp\u0142yn\u0119\u0142o ponad 40 prac wykonanych r\u00f3\u017cnorodnymi technikami artystycznego wyrazu. W tym roku dominuj\u0105ca kolorystyka to niebieski i \u017c\u00f3\u0142ty, nawi\u0105zuj\u0105ca do zbi\u00f3rki materialnej na rzecz Ukrai\u0144c\u00f3w dotkni\u0119tych wojn\u0105, a zamieszkuj\u0105cych i ucz\u0105cych si\u0119 na naszym [&hellip;]<\/p>\n","protected":false},"author":2,"featured_media":0,"comment_status":"closed","ping_status":"open","sticky":false,"template":"","format":"standard","meta":{"footnotes":""},"categories":[11,4],"tags":[],"_links":{"self":[{"href":"https:\/\/wsrodnas.pl\/index.php?rest_route=\/wp\/v2\/posts\/1130"}],"collection":[{"href":"https:\/\/wsrodnas.pl\/index.php?rest_route=\/wp\/v2\/posts"}],"about":[{"href":"https:\/\/wsrodnas.pl\/index.php?rest_route=\/wp\/v2\/types\/post"}],"author":[{"embeddable":true,"href":"https:\/\/wsrodnas.pl\/index.php?rest_route=\/wp\/v2\/users\/2"}],"replies":[{"embeddable":true,"href":"https:\/\/wsrodnas.pl\/index.php?rest_route=%2Fwp%2Fv2%2Fcomments&post=1130"}],"version-history":[{"count":1,"href":"https:\/\/wsrodnas.pl\/index.php?rest_route=\/wp\/v2\/posts\/1130\/revisions"}],"predecessor-version":[{"id":1131,"href":"https:\/\/wsrodnas.pl\/index.php?rest_route=\/wp\/v2\/posts\/1130\/revisions\/1131"}],"wp:attachment":[{"href":"https:\/\/wsrodnas.pl\/index.php?rest_route=%2Fwp%2Fv2%2Fmedia&parent=1130"}],"wp:term":[{"taxonomy":"category","embeddable":true,"href":"https:\/\/wsrodnas.pl\/index.php?rest_route=%2Fwp%2Fv2%2Fcategories&post=1130"},{"taxonomy":"post_tag","embeddable":true,"href":"https:\/\/wsrodnas.pl\/index.php?rest_route=%2Fwp%2Fv2%2Ftags&post=1130"}],"curies":[{"name":"wp","href":"https:\/\/api.w.org\/{rel}","templated":true}]}}