{"id":1125,"date":"2022-06-19T15:28:53","date_gmt":"2022-06-19T14:28:53","guid":{"rendered":"http:\/\/wsrodnas.pl\/?p=1125"},"modified":"2022-06-19T15:29:55","modified_gmt":"2022-06-19T14:29:55","slug":"poznaj-polske-szlakiem-jana-pawla-ii","status":"publish","type":"post","link":"https:\/\/wsrodnas.pl\/?p=1125","title":{"rendered":"Poznaj Polsk\u0119 szlakiem Jana Paw\u0142a II !!!"},"content":{"rendered":"\n<p>Na prze\u0142omie maja i czerwca uczniowie wzi\u0119li udzia\u0142 w wycieczce autokarowej podr\u00f3\u017cuj\u0105c \u015bladami swojego patrona w ramach przedsi\u0119wzi\u0119cia Ministra Edukacji i Nauki pn. Poznaj Polsk\u0119.&nbsp; Na pocz\u0105tku zwiedzili\u015bmy Skansen Etnograficzny Muzeum Wsi Kieleckiej w Tokarni ko\u0142o Kielc \u2013 uczniowie mieli mo\u017cliwo\u015b\u0107 zapozna\u0107 si\u0119 z r\u00f3\u017cnorodno\u015bci\u0105 zabudowy wiejskiej regionu \u015bwi\u0119tokrzyskiego. 131 metr\u00f3w pod ziemi\u0105 odwiedzili\u015bmy Kopalni\u0119 Soli w Wieliczce, przemierzaj\u0105c tras\u0119 turystyczn\u0105 oraz odwiedzaj\u0105c t\u0119\u017cni\u0119 solankow\u0105 mieszcz\u0105c\u0105 si\u0119 na powierzchni \u2013 na terenie kompleksu kopalnianego. Udali\u015bmy si\u0119 te\u017c do Wadowic do Muzeum Domu Rodzinnego Jana Paw\u0142a II, podziwiaj\u0105c wystaw\u0119 multimedialn\u0105 oraz zwiedzaj\u0105c ko\u015bci\u00f3\u0142, w kt\u00f3rym by\u0142 ochrzczony. Nie oby\u0142o si\u0119 bez tradycyjnych wadowickich krem\u00f3wek \u2013 jedzonych tam gdzie Karol Wojty\u0142a ze swoimi kolegami. Uczniowie wzi\u0119li tez udzia\u0142 w warsztatach \u201eW 80 minut dooko\u0142a \u015bwiata z Janem Paw\u0142em II\u201d \u2013 poznaj\u0105c sylwetki r\u00f3\u017cnych podr\u00f3\u017cnik\u00f3w oraz tworz\u0105c orkiestr\u0119 z\u0142o\u017con\u0105 z instrument\u00f3w perkusyjnych z ca\u0142ego \u015bwiata. Na zako\u0144czenie warsztat\u00f3w ka\u017cdy wykona\u0142 samodzielnie pami\u0105tkowy magnes.&nbsp; Zwiedzili\u015bmy historyczny zesp\u00f3\u0142 miasta Krakowa z Sukiennicami, Katedr\u0105 Mariack\u0105 i zabytkowymi kamienicami. W ramach zwiedzania Zamku Kr\u00f3lewskiego na Wawelu pokonali\u015bmy tras\u0119 zewn\u0119trzn\u0105 \u201eOtw\u00f3rz oczy na Wawel\u201d oraz wewn\u0119trzn\u0105 tras\u0119 archeologiczn\u0105 \u201eWawel Zaginiony\u201d. Na bulwarach nadwi\u015bla\u0144skich z\u0142o\u017cyli\u015bmy wizyt\u0119 smokowi wawelskiemu ziej\u0105cemu ogniem. W opactwie Benedyktyn\u00f3w w Ty\u0144cu zwiedzili\u015bmy Muzeum \u2013 wystaw\u0119 archeologiczn\u0105 oraz ilustruj\u0105c\u0105 histori\u0119 tutejszej katedry. Nast\u0119pnie mogli\u015bmy pozna\u0107 najwa\u017cniejsze fakty o Benedyktynach, pospacerowa\u0107 zabytkowymi kru\u017cgankami, zapozna\u0107 si\u0119 z rozk\u0142adem dnia ka\u017cdego mnicha. W drodze powrotnej zajechali\u015bmy jeszcze na Jasn\u0105 G\u00f3r\u0119, r\u00f3wnie\u017c tam poszukuj\u0105c \u015blad\u00f3w obecno\u015bci patrona naszej szko\u0142y Jana Paw\u0142a II. Pomodlili\u015bmy si\u0119 w kaplicy cudownego obrazu Matki Bo\u017cej Cz\u0119stochowskiej zawierzaj\u0105c nas i ca\u0142\u0105 nasz\u0105 szkoln\u0105 spo\u0142eczno\u015b\u0107 jej opiece. Bardzo serdecznie dzi\u0119kujemy Ministerstwu za przyznanie dotacji oraz Stowarzyszeniu Przyjaci\u00f3\u0142 Zespo\u0142u Szk\u00f3\u0142 Specjalnych \u201eW\u015br\u00f3d Nas\u201d za pokrycie cz\u0119\u015bci koszt\u00f3w. Mamy nadziej\u0119, \u017ce ju\u017c wkr\u00f3tce ruszymy w kolejn\u0105 podr\u00f3\u017c.<\/p>\n\n\n\n<p class=\"has-text-align-right\">&nbsp;&nbsp;&nbsp;&nbsp;&nbsp;&nbsp;&nbsp;&nbsp;&nbsp;&nbsp;&nbsp;&nbsp;&nbsp;&nbsp;&nbsp;&nbsp;&nbsp;&nbsp;&nbsp;&nbsp; &nbsp;&nbsp;&nbsp;&nbsp;&nbsp;&nbsp;&nbsp;&nbsp;&nbsp;&nbsp;&nbsp;&nbsp;&nbsp;p. Monika Adamowicz, p. Beata Augustynowicz, p. Ewa Powa\u017ca,<\/p>\n\n\n\n<p class=\"has-text-align-right\">p. Zbigniew Zadro\u017cny, p. Agnieszka Turowska<\/p>\n\n\n\n<figure class=\"wp-block-gallery columns-3 is-cropped wp-block-gallery-1 is-layout-flex wp-block-gallery-is-layout-flex\"><ul class=\"blocks-gallery-grid\"><li class=\"blocks-gallery-item\"><figure><img loading=\"lazy\" decoding=\"async\" width=\"195\" height=\"260\" src=\"http:\/\/wsrodnas.pl\/wp-content\/uploads\/2022\/06\/5A07681A-AE4B-46A4-A9CE-B8D969654576-195x260-1.jpeg\" alt=\"\" data-id=\"1126\" data-full-url=\"http:\/\/wsrodnas.pl\/wp-content\/uploads\/2022\/06\/5A07681A-AE4B-46A4-A9CE-B8D969654576-195x260-1.jpeg\" data-link=\"http:\/\/wsrodnas.pl\/?attachment_id=1126\" class=\"wp-image-1126\"\/><\/figure><\/li><li class=\"blocks-gallery-item\"><figure><img loading=\"lazy\" decoding=\"async\" width=\"347\" height=\"260\" src=\"http:\/\/wsrodnas.pl\/wp-content\/uploads\/2022\/06\/93A37EC7-10B9-4F54-943F-E2780823F374-347x260-1.jpeg\" alt=\"\" data-id=\"1127\" data-full-url=\"http:\/\/wsrodnas.pl\/wp-content\/uploads\/2022\/06\/93A37EC7-10B9-4F54-943F-E2780823F374-347x260-1.jpeg\" data-link=\"http:\/\/wsrodnas.pl\/?attachment_id=1127\" class=\"wp-image-1127\" srcset=\"https:\/\/wsrodnas.pl\/wp-content\/uploads\/2022\/06\/93A37EC7-10B9-4F54-943F-E2780823F374-347x260-1.jpeg 347w, https:\/\/wsrodnas.pl\/wp-content\/uploads\/2022\/06\/93A37EC7-10B9-4F54-943F-E2780823F374-347x260-1-300x225.jpeg 300w\" sizes=\"(max-width: 347px) 100vw, 347px\" \/><\/figure><\/li><li class=\"blocks-gallery-item\"><figure><img loading=\"lazy\" decoding=\"async\" width=\"347\" height=\"260\" src=\"http:\/\/wsrodnas.pl\/wp-content\/uploads\/2022\/06\/357267CD-AA66-4F27-AAB1-022A0BE36D65-347x260-1.jpeg\" alt=\"\" data-id=\"1128\" data-full-url=\"http:\/\/wsrodnas.pl\/wp-content\/uploads\/2022\/06\/357267CD-AA66-4F27-AAB1-022A0BE36D65-347x260-1.jpeg\" data-link=\"http:\/\/wsrodnas.pl\/?attachment_id=1128\" class=\"wp-image-1128\" srcset=\"https:\/\/wsrodnas.pl\/wp-content\/uploads\/2022\/06\/357267CD-AA66-4F27-AAB1-022A0BE36D65-347x260-1.jpeg 347w, https:\/\/wsrodnas.pl\/wp-content\/uploads\/2022\/06\/357267CD-AA66-4F27-AAB1-022A0BE36D65-347x260-1-300x225.jpeg 300w\" sizes=\"(max-width: 347px) 100vw, 347px\" \/><\/figure><\/li><\/ul><\/figure>\n","protected":false},"excerpt":{"rendered":"<p>Na prze\u0142omie maja i czerwca uczniowie wzi\u0119li udzia\u0142 w wycieczce autokarowej podr\u00f3\u017cuj\u0105c \u015bladami swojego patrona w ramach przedsi\u0119wzi\u0119cia Ministra Edukacji i Nauki pn. Poznaj Polsk\u0119.&nbsp; Na pocz\u0105tku zwiedzili\u015bmy Skansen Etnograficzny Muzeum Wsi Kieleckiej w Tokarni ko\u0142o Kielc \u2013 uczniowie mieli mo\u017cliwo\u015b\u0107 zapozna\u0107 si\u0119 z r\u00f3\u017cnorodno\u015bci\u0105 zabudowy wiejskiej regionu \u015bwi\u0119tokrzyskiego. 131 metr\u00f3w pod ziemi\u0105 odwiedzili\u015bmy Kopalni\u0119 [&hellip;]<\/p>\n","protected":false},"author":2,"featured_media":1126,"comment_status":"closed","ping_status":"open","sticky":false,"template":"","format":"standard","meta":{"footnotes":""},"categories":[11,4],"tags":[],"_links":{"self":[{"href":"https:\/\/wsrodnas.pl\/index.php?rest_route=\/wp\/v2\/posts\/1125"}],"collection":[{"href":"https:\/\/wsrodnas.pl\/index.php?rest_route=\/wp\/v2\/posts"}],"about":[{"href":"https:\/\/wsrodnas.pl\/index.php?rest_route=\/wp\/v2\/types\/post"}],"author":[{"embeddable":true,"href":"https:\/\/wsrodnas.pl\/index.php?rest_route=\/wp\/v2\/users\/2"}],"replies":[{"embeddable":true,"href":"https:\/\/wsrodnas.pl\/index.php?rest_route=%2Fwp%2Fv2%2Fcomments&post=1125"}],"version-history":[{"count":1,"href":"https:\/\/wsrodnas.pl\/index.php?rest_route=\/wp\/v2\/posts\/1125\/revisions"}],"predecessor-version":[{"id":1129,"href":"https:\/\/wsrodnas.pl\/index.php?rest_route=\/wp\/v2\/posts\/1125\/revisions\/1129"}],"wp:featuredmedia":[{"embeddable":true,"href":"https:\/\/wsrodnas.pl\/index.php?rest_route=\/wp\/v2\/media\/1126"}],"wp:attachment":[{"href":"https:\/\/wsrodnas.pl\/index.php?rest_route=%2Fwp%2Fv2%2Fmedia&parent=1125"}],"wp:term":[{"taxonomy":"category","embeddable":true,"href":"https:\/\/wsrodnas.pl\/index.php?rest_route=%2Fwp%2Fv2%2Fcategories&post=1125"},{"taxonomy":"post_tag","embeddable":true,"href":"https:\/\/wsrodnas.pl\/index.php?rest_route=%2Fwp%2Fv2%2Ftags&post=1125"}],"curies":[{"name":"wp","href":"https:\/\/api.w.org\/{rel}","templated":true}]}}