{"id":1107,"date":"2022-05-28T11:59:34","date_gmt":"2022-05-28T10:59:34","guid":{"rendered":"http:\/\/wsrodnas.pl\/?p=1107"},"modified":"2022-05-28T12:16:25","modified_gmt":"2022-05-28T11:16:25","slug":"co-to-jest-rytm","status":"publish","type":"post","link":"https:\/\/wsrodnas.pl\/?p=1107","title":{"rendered":"Co to jest rytm?"},"content":{"rendered":"\n<p class=\"has-text-align-center\">Po raz kolejny uczniowie mieli mo\u017cliwo\u015b\u0107 przenie\u015b\u0107 si\u0119 w \u015bwiat bajek i muzyki za spraw\u0105 audycji muzycznej w wykonaniu Arte \u2013 Muzy z Bia\u0142egostoku. Tym razem przewodnikami po tematyce muzycznej byli Kubu\u015b Puchatek, Tygrysek i Prosiaczek. Bohaterowie prowadz\u0105 ze sob\u0105 \u017cyw\u0105 rozmow\u0119, co\u015b sobie opowiadaj\u0105, dyskutuj\u0105, tylko K\u0142apouchy nic nie m\u00f3wi i wydaje si\u0119 zupe\u0142nie niezainteresowany tematem. Jednak w dalszej cz\u0119\u015bci przedstawienia okazuje si\u0119, \u017ce to w\u0142a\u015bnie K\u0142apouchy ma najwi\u0119cej do powiedzenia, chodzi bowiem o RYTM, a K\u0142apouchy wie o nim bardzo du\u017co. W audycji nasi podopieczni zapoznali si\u0119 z r\u00f3\u017cnymi rodzajami rytmu i tym jak bardzo jest on w muzyce potrzebny. By\u0142a to r\u00f3wnie\u017c dobra okazja do dowiedzenia si\u0119 r\u00f3wnie\u017c istotna jest rola rytmu w utworach przeznaczonych do ta\u0144ca, takich jak: walc, polka, samba, itd. Ju\u017c nie mo\u017cemy doczeka\u0107 si\u0119 kolejnej audycji sfinansowanej przez Stowarzyszenie Przyjaci\u00f3\u0142 Zespo\u0142u Szk\u00f3\u0142 Specjalnych \u201eW\u015br\u00f3d Nas\u201d w Augustowie.<br><\/p>\n\n\n\n<p class=\"has-text-align-right\">p. Halina Szulewska, p. Agnieszka Turowska<\/p>\n\n\n\n<figure class=\"wp-block-image\"><img decoding=\"async\" src=\"https:\/\/2.bp.blogspot.com\/-2YozMOmHIak\/VxzLt2668jI\/AAAAAAAAAuA\/WVuMi8SuB8gmEnGIeaCuhQ1mT0NY90NOACLcB\/s1600\/68615_1.12.jpg\" alt=\"Zobacz obraz \u017ar\u00f3d\u0142owy\"\/><\/figure>\n","protected":false},"excerpt":{"rendered":"<p>Po raz kolejny uczniowie mieli mo\u017cliwo\u015b\u0107 przenie\u015b\u0107 si\u0119 w \u015bwiat bajek i muzyki za spraw\u0105 audycji muzycznej w wykonaniu Arte \u2013 Muzy z Bia\u0142egostoku. Tym razem przewodnikami po tematyce muzycznej byli Kubu\u015b Puchatek, Tygrysek i Prosiaczek. Bohaterowie prowadz\u0105 ze sob\u0105 \u017cyw\u0105 rozmow\u0119, co\u015b sobie opowiadaj\u0105, dyskutuj\u0105, tylko K\u0142apouchy nic nie m\u00f3wi i wydaje si\u0119 zupe\u0142nie [&hellip;]<\/p>\n","protected":false},"author":2,"featured_media":0,"comment_status":"closed","ping_status":"open","sticky":false,"template":"","format":"standard","meta":{"footnotes":""},"categories":[11,4],"tags":[],"_links":{"self":[{"href":"https:\/\/wsrodnas.pl\/index.php?rest_route=\/wp\/v2\/posts\/1107"}],"collection":[{"href":"https:\/\/wsrodnas.pl\/index.php?rest_route=\/wp\/v2\/posts"}],"about":[{"href":"https:\/\/wsrodnas.pl\/index.php?rest_route=\/wp\/v2\/types\/post"}],"author":[{"embeddable":true,"href":"https:\/\/wsrodnas.pl\/index.php?rest_route=\/wp\/v2\/users\/2"}],"replies":[{"embeddable":true,"href":"https:\/\/wsrodnas.pl\/index.php?rest_route=%2Fwp%2Fv2%2Fcomments&post=1107"}],"version-history":[{"count":1,"href":"https:\/\/wsrodnas.pl\/index.php?rest_route=\/wp\/v2\/posts\/1107\/revisions"}],"predecessor-version":[{"id":1108,"href":"https:\/\/wsrodnas.pl\/index.php?rest_route=\/wp\/v2\/posts\/1107\/revisions\/1108"}],"wp:attachment":[{"href":"https:\/\/wsrodnas.pl\/index.php?rest_route=%2Fwp%2Fv2%2Fmedia&parent=1107"}],"wp:term":[{"taxonomy":"category","embeddable":true,"href":"https:\/\/wsrodnas.pl\/index.php?rest_route=%2Fwp%2Fv2%2Fcategories&post=1107"},{"taxonomy":"post_tag","embeddable":true,"href":"https:\/\/wsrodnas.pl\/index.php?rest_route=%2Fwp%2Fv2%2Ftags&post=1107"}],"curies":[{"name":"wp","href":"https:\/\/api.w.org\/{rel}","templated":true}]}}