{"id":1100,"date":"2022-04-16T17:43:00","date_gmt":"2022-04-16T16:43:00","guid":{"rendered":"http:\/\/wsrodnas.pl\/?p=1100"},"modified":"2022-04-16T17:43:56","modified_gmt":"2022-04-16T16:43:56","slug":"wesolego-alleluja-6","status":"publish","type":"post","link":"https:\/\/wsrodnas.pl\/?p=1100","title":{"rendered":"Weso\u0142ego Alleluja!!!"},"content":{"rendered":"\n<figure class=\"wp-block-image size-large\"><img loading=\"lazy\" decoding=\"async\" width=\"1024\" height=\"768\" src=\"http:\/\/wsrodnas.pl\/wp-content\/uploads\/2022\/04\/P1090049-1024x768.jpg\" alt=\"\" class=\"wp-image-1101\" srcset=\"https:\/\/wsrodnas.pl\/wp-content\/uploads\/2022\/04\/P1090049-1024x768.jpg 1024w, https:\/\/wsrodnas.pl\/wp-content\/uploads\/2022\/04\/P1090049-300x225.jpg 300w, https:\/\/wsrodnas.pl\/wp-content\/uploads\/2022\/04\/P1090049-768x576.jpg 768w, https:\/\/wsrodnas.pl\/wp-content\/uploads\/2022\/04\/P1090049-1536x1152.jpg 1536w, https:\/\/wsrodnas.pl\/wp-content\/uploads\/2022\/04\/P1090049.jpg 1600w\" sizes=\"(max-width: 1024px) 100vw, 1024px\" \/><\/figure>\n\n\n\n<div class=\"wp-block-columns is-layout-flex wp-container-core-columns-is-layout-1 wp-block-columns-is-layout-flex\">\n<div class=\"wp-block-column is-layout-flow wp-block-column-is-layout-flow\" style=\"flex-basis:100%\">\n<p class=\"has-text-align-center\"> \u017b<em>yczenia Radosnych \u015awi\u0105t Wielkanocnych<\/em><br><em>wype\u0142nionych nadziej\u0105 budz\u0105cej si\u0119 do \u017cycia<\/em><br><em>wiosny i wiar\u0105 w sens \u017cycia.<\/em><br><em>Pogody w sercu i rado\u015bci p\u0142yn\u0105cej z faktu<\/em><br><em>Zmartwychwstania Pa\u0144skiego<\/em><br><em>oraz smacznego \u015awi\u0119conego w gronie<\/em><br><em>najbli\u017cszych os\u00f3b<\/em><\/p>\n<\/div>\n<\/div>\n\n\n\n<p> Niech \u015bwi\u0105teczny czas b\u0119dzie szans\u0105 na odpoczynek i zaczerpni\u0119cie nadziei p\u0142yn\u0105cej ze Zmartwychstania. Wszystkim cz\u0142onkom Stowarzyszenia, naszym podopiecznym i ich rodzinom \u017cyczy  <\/p>\n\n\n\n<p>                                                                                                                                    Zarz\u0105d Stowarzyszenia<\/p>\n","protected":false},"excerpt":{"rendered":"<p>\u017byczenia Radosnych \u015awi\u0105t Wielkanocnychwype\u0142nionych nadziej\u0105 budz\u0105cej si\u0119 do \u017cyciawiosny i wiar\u0105 w sens \u017cycia.Pogody w sercu i rado\u015bci p\u0142yn\u0105cej z faktuZmartwychwstania Pa\u0144skiegooraz smacznego \u015awi\u0119conego w gronienajbli\u017cszych os\u00f3b Niech \u015bwi\u0105teczny czas b\u0119dzie szans\u0105 na odpoczynek i zaczerpni\u0119cie nadziei p\u0142yn\u0105cej ze Zmartwychstania. Wszystkim cz\u0142onkom Stowarzyszenia, naszym podopiecznym i ich rodzinom \u017cyczy Zarz\u0105d Stowarzyszenia<\/p>\n","protected":false},"author":2,"featured_media":1101,"comment_status":"closed","ping_status":"open","sticky":false,"template":"","format":"standard","meta":{"footnotes":""},"categories":[11,4],"tags":[],"_links":{"self":[{"href":"https:\/\/wsrodnas.pl\/index.php?rest_route=\/wp\/v2\/posts\/1100"}],"collection":[{"href":"https:\/\/wsrodnas.pl\/index.php?rest_route=\/wp\/v2\/posts"}],"about":[{"href":"https:\/\/wsrodnas.pl\/index.php?rest_route=\/wp\/v2\/types\/post"}],"author":[{"embeddable":true,"href":"https:\/\/wsrodnas.pl\/index.php?rest_route=\/wp\/v2\/users\/2"}],"replies":[{"embeddable":true,"href":"https:\/\/wsrodnas.pl\/index.php?rest_route=%2Fwp%2Fv2%2Fcomments&post=1100"}],"version-history":[{"count":1,"href":"https:\/\/wsrodnas.pl\/index.php?rest_route=\/wp\/v2\/posts\/1100\/revisions"}],"predecessor-version":[{"id":1102,"href":"https:\/\/wsrodnas.pl\/index.php?rest_route=\/wp\/v2\/posts\/1100\/revisions\/1102"}],"wp:featuredmedia":[{"embeddable":true,"href":"https:\/\/wsrodnas.pl\/index.php?rest_route=\/wp\/v2\/media\/1101"}],"wp:attachment":[{"href":"https:\/\/wsrodnas.pl\/index.php?rest_route=%2Fwp%2Fv2%2Fmedia&parent=1100"}],"wp:term":[{"taxonomy":"category","embeddable":true,"href":"https:\/\/wsrodnas.pl\/index.php?rest_route=%2Fwp%2Fv2%2Fcategories&post=1100"},{"taxonomy":"post_tag","embeddable":true,"href":"https:\/\/wsrodnas.pl\/index.php?rest_route=%2Fwp%2Fv2%2Ftags&post=1100"}],"curies":[{"name":"wp","href":"https:\/\/api.w.org\/{rel}","templated":true}]}}