{"id":1070,"date":"2022-02-20T17:36:21","date_gmt":"2022-02-20T16:36:21","guid":{"rendered":"http:\/\/wsrodnas.pl\/?p=1070"},"modified":"2022-02-20T17:36:41","modified_gmt":"2022-02-20T16:36:41","slug":"przekaz-nam-swoj-1-podatku","status":"publish","type":"post","link":"https:\/\/wsrodnas.pl\/?p=1070","title":{"rendered":"Przeka\u017c nam sw\u00f3j 1% Podatku!!!"},"content":{"rendered":"\n<p>Stowarzyszenie Przyjaci\u00f3\u0142 Zespo\u0142u Szk\u00f3\u0142 Specjalnych \u201eW\u015br\u00f3d Nas\u201d stawia sobie za cel niesienie pomocy osobom niepe\u0142nosprawnym&nbsp; mi\u0119dzy innymi z niepe\u0142nosprawno\u015bci\u0105 intelektualn\u0105. Dzia\u0142alno\u015b\u0107 opiera si\u0119 na organizowaniu pomocy w przystosowaniu do \u017cycia w spo\u0142ecze\u0144stwie oraz integracji z nim poprzez organizowanie uroczysto\u015bci i przedsi\u0119wzi\u0119\u0107 o charakterze rekreacyjno \u2013 krajoznawczym, artystycznym, kulturowym, rozrywkowym, rehabilitacyjnym.<\/p>\n\n\n\n<p>&nbsp;&nbsp;&nbsp;&nbsp;&nbsp;&nbsp;&nbsp;&nbsp;&nbsp;&nbsp;&nbsp; Stowarzyszenie prowadz\u0105c swoj\u0105 dzia\u0142alno\u015b\u0107 Statutow\u0105, wspiera realizacj\u0119 zada\u0144 Zespo\u0142u Szk\u00f3\u0142 Specjalnych w Augustowie ukierunkowan\u0105 na&nbsp; rzecz uczni\u00f3w, absolwent\u00f3w i ich rodzin. Pry realizacji tego typu przedsi\u0119wzi\u0119\u0107 nieodzowne jest nam wsparcie finansowe od r\u00f3\u017cnych firm, instytucji i ludzi z otwartym sercem. Staramy si\u0119 pozyskiwa\u0107 r\u00f3wnie\u017c fundusze publiczne, jednak wymaga to finansowego wk\u0142adu w\u0142asnego.<\/p>\n\n\n\n<p><strong>Bardzo serdecznie dzi\u0119kujemy w imieniu naszym i naszych podopiecznych, wszystkim, kt\u00f3rzy wsparli nas do tej pory. Dzi\u0119ki Pa\u0144stwu nasi podopieczni mi\u0119dzy innymi mogli uczestniczy\u0107 w cyklicznych obchodach Na Niebiesko dla Autyzmu i Mi\u0119dzynarodowym Dniu Os\u00f3b Niepe\u0142nosprawnych, bawili si\u0119 na Andrzejkach i balu karnawa\u0142owym, a tak\u017ce przez ostatnie pi\u0119\u0107 lat wyje\u017cd\u017cali na kolonie letnie i mogli aktywnie sp\u0119dza\u0107 ferie zimowe. Wzi\u0119li udzia\u0142 w kilku wyjazdach turystyczno \u2013 krajoznawczych, w tym szlakiem Jana Paw\u0142a II do klasztoru pokamedulskiego na Wigrach. Wzi\u0119li udzia\u0142 w szeregu zaj\u0119\u0107 specjalistycznych: trening umiej\u0119tno\u015bci spo\u0142ecznych, dogoterapia, hipoterapia.<\/strong><\/p>\n\n\n\n<p>Prosimy o pomoc w realizacji inicjatyw zaplanowanych na 2022 rok<\/p>\n\n\n\n<p>&#8211; Na Niebiesko dla Autyzmu \u2013 2.04.2022<\/p>\n\n\n\n<p>&#8211; trzydniowa wycieczka z okazji 100- lecia urodzin Jana Paw\u0142a II\u00a0 do Krakowa i Wadowic \u2013 czerwiec\/pa\u017adziernik 2022<\/p>\n\n\n\n<p>&#8211;&nbsp; p\u00f3\u0142kolonie lub kolonie letnie po\u0142\u0105czone z wyjazdami po Suwalszczy\u017anie i Mazurach&nbsp; &#8211; wakacje 2022<\/p>\n\n\n\n<p>&#8211; hipoterapia, dogoterapia, bowling,&nbsp; kolarstwo i inne zaj\u0119cia ruchowe jako szansa na popraw\u0119 zdrowia naszych podopiecznych \u2013 ca\u0142y rok 2022<\/p>\n\n\n\n<p>&#8211; trening umiej\u0119tno\u015bci spo\u0142ecznych \u2013 ca\u0142y rok 2022<\/p>\n\n\n\n<p>&#8211; wyjazd do Teatru Lalek i Filharmonii oraz Opery Podlaskiej wraz ze zwiedzaniem Muzeum Pami\u0119ci Sybiru oraz Epi- Centrum Nauki w Bia\u0142ymstoku \u2013 ca\u0142y rok 2022<\/p>\n\n\n\n<p>&#8211; udzia\u0142 w cyklicznych koncertach muzycznych w wykonaniu \u201eARTE MUZY\u201d<\/p>\n\n\n\n<p>&#8211; Zielona szko\u0142a szans\u0105 na samodzielno\u015b\u0107 naszych podopiecznych \u2013 wiosna\/jesie\u0144 2022<\/p>\n\n\n\n<p>&#8211; Mi\u0119dzynarodowy Dzie\u0144 Os\u00f3b Niepe\u0142nosprawnych \u2013 Listopad\/Grudzie\u0144 2022<\/p>\n\n\n\n<p>&nbsp;&nbsp;&nbsp;&nbsp;&nbsp;&nbsp;&nbsp;&nbsp;&nbsp;&nbsp;&nbsp; Udzia\u0142 w wy\u017cej wymienionych inicjatywach pozwoli na integracj\u0119 os\u00f3b z&nbsp; niepe\u0142nosprawno\u015bciami ze \u015brodowiskiem lokalnymi. B\u0119dzie to szansa na uwra\u017cliwienie otoczenia na potrzeby, mo\u017cliwo\u015bci, umiej\u0119tno\u015bci i specyfik\u0119 funkcjonowania naszych podopiecznych.&nbsp;&nbsp; Dzi\u0119ki wyjazdowi&nbsp; na kolonie uczniowie nab\u0119d\u0105 wiedz\u0119 o danym regionie, poznaj\u0105 jego zabytki, ciekawe miejsca. B\u0119dzie to te\u017c dla nich szans\u0105 na usamodzielnienie si\u0119, integracj\u0119 z szerszym \u015brodowiskiem spo\u0142ecznym, nabycie umiej\u0119tno\u015bci zachowania si\u0119 w r\u00f3\u017cnych miejscach publicznych. Dla wielu z nich b\u0119dzie to dobr\u0105 i now\u0105 okazj\u0105 do sp\u0119dzenia czasu w spos\u00f3b aktywny i kreatywny. Nasi podopieczni pochodz\u0105 w wi\u0119kszo\u015bci z rodzin o niskim statusie materialnym i wyjazd poza miejsce zamieszkania przekracza ich mo\u017cliwo\u015bci finansowe.<\/p>\n\n\n\n<p>&nbsp;&nbsp;&nbsp;&nbsp;&nbsp;&nbsp;&nbsp;&nbsp;&nbsp;&nbsp;&nbsp;&nbsp;&nbsp;&nbsp;&nbsp;&nbsp;&nbsp;&nbsp;&nbsp;&nbsp;&nbsp;&nbsp;&nbsp;&nbsp;&nbsp;&nbsp;&nbsp;&nbsp;&nbsp;&nbsp;&nbsp;&nbsp;&nbsp;&nbsp;&nbsp;&nbsp;&nbsp;&nbsp;&nbsp;&nbsp;&nbsp;&nbsp;&nbsp;&nbsp;&nbsp;&nbsp;&nbsp;&nbsp;&nbsp;&nbsp;&nbsp;&nbsp;&nbsp;&nbsp;&nbsp;&nbsp;&nbsp;&nbsp;&nbsp; Z wyrazami szacunku i wdzi\u0119czno\u015bci&nbsp;&nbsp;&nbsp;&nbsp;&nbsp;&nbsp;&nbsp;&nbsp;&nbsp;&nbsp;<\/p>\n\n\n\n<p>Zarz\u0105d Stowarzyszenia&nbsp;&nbsp;&nbsp;&nbsp;&nbsp;&nbsp;&nbsp;&nbsp;&nbsp;&nbsp;&nbsp;&nbsp;&nbsp;&nbsp;&nbsp;&nbsp;&nbsp;&nbsp;&nbsp;&nbsp;&nbsp;&nbsp;&nbsp;&nbsp;&nbsp;&nbsp;&nbsp;&nbsp;&nbsp;&nbsp;&nbsp;&nbsp;&nbsp;&nbsp;&nbsp;&nbsp;&nbsp;&nbsp;&nbsp;&nbsp;&nbsp;&nbsp;&nbsp;&nbsp;&nbsp;&nbsp;&nbsp;&nbsp;&nbsp;&nbsp;&nbsp;&nbsp;&nbsp;&nbsp;&nbsp;&nbsp;&nbsp;&nbsp;&nbsp;&nbsp;&nbsp;&nbsp;&nbsp;&nbsp;<\/p>\n\n\n\n<p>KRS 0000278437<\/p>\n\n\n\n<p>Nr konta : 96 9351 0000 0019 2297 2000 0010<\/p>\n","protected":false},"excerpt":{"rendered":"<p>Stowarzyszenie Przyjaci\u00f3\u0142 Zespo\u0142u Szk\u00f3\u0142 Specjalnych \u201eW\u015br\u00f3d Nas\u201d stawia sobie za cel niesienie pomocy osobom niepe\u0142nosprawnym&nbsp; mi\u0119dzy innymi z niepe\u0142nosprawno\u015bci\u0105 intelektualn\u0105. Dzia\u0142alno\u015b\u0107 opiera si\u0119 na organizowaniu pomocy w przystosowaniu do \u017cycia w spo\u0142ecze\u0144stwie oraz integracji z nim poprzez organizowanie uroczysto\u015bci i przedsi\u0119wzi\u0119\u0107 o charakterze rekreacyjno \u2013 krajoznawczym, artystycznym, kulturowym, rozrywkowym, rehabilitacyjnym. &nbsp;&nbsp;&nbsp;&nbsp;&nbsp;&nbsp;&nbsp;&nbsp;&nbsp;&nbsp;&nbsp; Stowarzyszenie prowadz\u0105c swoj\u0105 dzia\u0142alno\u015b\u0107 [&hellip;]<\/p>\n","protected":false},"author":2,"featured_media":0,"comment_status":"closed","ping_status":"open","sticky":false,"template":"","format":"standard","meta":{"footnotes":""},"categories":[11,4],"tags":[],"_links":{"self":[{"href":"https:\/\/wsrodnas.pl\/index.php?rest_route=\/wp\/v2\/posts\/1070"}],"collection":[{"href":"https:\/\/wsrodnas.pl\/index.php?rest_route=\/wp\/v2\/posts"}],"about":[{"href":"https:\/\/wsrodnas.pl\/index.php?rest_route=\/wp\/v2\/types\/post"}],"author":[{"embeddable":true,"href":"https:\/\/wsrodnas.pl\/index.php?rest_route=\/wp\/v2\/users\/2"}],"replies":[{"embeddable":true,"href":"https:\/\/wsrodnas.pl\/index.php?rest_route=%2Fwp%2Fv2%2Fcomments&post=1070"}],"version-history":[{"count":1,"href":"https:\/\/wsrodnas.pl\/index.php?rest_route=\/wp\/v2\/posts\/1070\/revisions"}],"predecessor-version":[{"id":1071,"href":"https:\/\/wsrodnas.pl\/index.php?rest_route=\/wp\/v2\/posts\/1070\/revisions\/1071"}],"wp:attachment":[{"href":"https:\/\/wsrodnas.pl\/index.php?rest_route=%2Fwp%2Fv2%2Fmedia&parent=1070"}],"wp:term":[{"taxonomy":"category","embeddable":true,"href":"https:\/\/wsrodnas.pl\/index.php?rest_route=%2Fwp%2Fv2%2Fcategories&post=1070"},{"taxonomy":"post_tag","embeddable":true,"href":"https:\/\/wsrodnas.pl\/index.php?rest_route=%2Fwp%2Fv2%2Ftags&post=1070"}],"curies":[{"name":"wp","href":"https:\/\/api.w.org\/{rel}","templated":true}]}}