{"id":1057,"date":"2021-12-24T18:39:03","date_gmt":"2021-12-24T17:39:03","guid":{"rendered":"http:\/\/wsrodnas.pl\/?p=1057"},"modified":"2022-02-20T17:28:00","modified_gmt":"2022-02-20T16:28:00","slug":"wikingowie-i-indianie","status":"publish","type":"post","link":"https:\/\/wsrodnas.pl\/?p=1057","title":{"rendered":"Wikingowie i Indianie !!!"},"content":{"rendered":"\n<p class=\"has-text-align-center\">Trzeciego grudnia na ca\u0142ym \u015bwiecie obchodzimy ustanowiony przez Organizacj\u0119 Narod\u00f3w Zjednoczonych Mi\u0119dzynarodowy Dzie\u0144 Os\u00f3b Niepe\u0142nosprawnych. W tym roku w naszej szkole obchody odby\u0142y si\u0119 26 listopada i po\u0142\u0105czone by\u0142y z Andrzejkami. Na pocz\u0105tku spo\u0142eczno\u015b\u0107 szkolna zapozna\u0142a si\u0119, w formie prezentacji multimedialnej, z informacjami na temat genezy uroczysto\u015bci, idei integracji, warto\u015bci mi\u0119dzyludzkich oraz potrzeb i praw os\u00f3b niepe\u0142nosprawnych. Nast\u0119pnie uczniowie klasy V-VI-VII wyrecytowali wiersz \u201eZosta\u0144 moim przyjacielem\u201d autorstwa Elizy Rozdoba. Prezentacja filmiku \u201ePomagaj\u0105c innym, pomagasz sobie\u201d, kt\u00f3rego bohaterami s\u0105 uczniowie naszej szko\u0142y wzbudzi\u0142a wiele emocji i pozytywnych uczu\u0107. W dalszej cz\u0119\u015bci uroczysto\u015bci uczniowie poprzez przygotowane przez siebie opaski &#8211; pi\u00f3ropusze i akcesoria przeobrazili si\u0119 w Wiking\u00f3w oraz Indian i wsp\u00f3lnie z zaproszonymi wolontariuszami z Hufca Pracy wys\u0142uchali bajki muzycznej \u201eWikingowie i Indianie\u201d zaprezentowanej przez artyst\u00f3w Arte-Muza z Bia\u0142egostoku. W trakcie interaktywnej audycji poznali\u015bmy histori\u0119 przyja\u017ani mi\u0119dzy Wikingami i Indianami poprzez wsp\u00f3lne \u015bpiewanie oraz zabawy ruchowe odzwierciedlaj\u0105ce gry prezentowanych postaci, takie jak: strzelanie z \u0142uku do tarczy czy przej\u015bcie przez \u201erzek\u0119 po kamieniach\u201d. W andrzejkowy klimat wprowadzili nas zaproszeni wolontariusze przygotowuj\u0105c tematyczne wr\u00f3\u017cby. Po wsp\u00f3lnie zjedzonym pocz\u0119stunku odzwierciedlaj\u0105cym posi\u0142ek Wiking\u00f3w i Indian, uroczysto\u015b\u0107 zako\u0144czyli\u015bmy wsp\u00f3ln\u0105 zabaw\u0105 przy muzyce.<\/p>\n\n\n\n<p class=\"has-text-align-center\"><\/p>\n\n\n\n<figure class=\"wp-block-image\"><img decoding=\"async\" src=\"http:\/\/zssaugustow.pl\/wp-content\/uploads\/2021\/12\/IMG_20211126_101606.jpg\" alt=\"\"\/><\/figure>\n\n\n\n<p class=\"has-text-align-right\"><\/p>\n\n\n\n<figure class=\"wp-block-image\"><img decoding=\"async\" src=\"http:\/\/zssaugustow.pl\/wp-content\/uploads\/2021\/12\/IMG_20211126_103219.jpg\" alt=\"\"\/><\/figure>\n\n\n\n<figure class=\"wp-block-image\"><img decoding=\"async\" src=\"http:\/\/zssaugustow.pl\/wp-content\/uploads\/2021\/12\/IMG_20211126_100601.jpg\" alt=\"\"\/><\/figure>\n","protected":false},"excerpt":{"rendered":"<p>Trzeciego grudnia na ca\u0142ym \u015bwiecie obchodzimy ustanowiony przez Organizacj\u0119 Narod\u00f3w Zjednoczonych Mi\u0119dzynarodowy Dzie\u0144 Os\u00f3b Niepe\u0142nosprawnych. W tym roku w naszej szkole obchody odby\u0142y si\u0119 26 listopada i po\u0142\u0105czone by\u0142y z Andrzejkami. Na pocz\u0105tku spo\u0142eczno\u015b\u0107 szkolna zapozna\u0142a si\u0119, w formie prezentacji multimedialnej, z informacjami na temat genezy uroczysto\u015bci, idei integracji, warto\u015bci mi\u0119dzyludzkich oraz potrzeb i praw [&hellip;]<\/p>\n","protected":false},"author":2,"featured_media":0,"comment_status":"closed","ping_status":"open","sticky":false,"template":"","format":"standard","meta":{"footnotes":""},"categories":[11,1,4],"tags":[],"_links":{"self":[{"href":"https:\/\/wsrodnas.pl\/index.php?rest_route=\/wp\/v2\/posts\/1057"}],"collection":[{"href":"https:\/\/wsrodnas.pl\/index.php?rest_route=\/wp\/v2\/posts"}],"about":[{"href":"https:\/\/wsrodnas.pl\/index.php?rest_route=\/wp\/v2\/types\/post"}],"author":[{"embeddable":true,"href":"https:\/\/wsrodnas.pl\/index.php?rest_route=\/wp\/v2\/users\/2"}],"replies":[{"embeddable":true,"href":"https:\/\/wsrodnas.pl\/index.php?rest_route=%2Fwp%2Fv2%2Fcomments&post=1057"}],"version-history":[{"count":3,"href":"https:\/\/wsrodnas.pl\/index.php?rest_route=\/wp\/v2\/posts\/1057\/revisions"}],"predecessor-version":[{"id":1067,"href":"https:\/\/wsrodnas.pl\/index.php?rest_route=\/wp\/v2\/posts\/1057\/revisions\/1067"}],"wp:attachment":[{"href":"https:\/\/wsrodnas.pl\/index.php?rest_route=%2Fwp%2Fv2%2Fmedia&parent=1057"}],"wp:term":[{"taxonomy":"category","embeddable":true,"href":"https:\/\/wsrodnas.pl\/index.php?rest_route=%2Fwp%2Fv2%2Fcategories&post=1057"},{"taxonomy":"post_tag","embeddable":true,"href":"https:\/\/wsrodnas.pl\/index.php?rest_route=%2Fwp%2Fv2%2Ftags&post=1057"}],"curies":[{"name":"wp","href":"https:\/\/api.w.org\/{rel}","templated":true}]}}