{"id":1055,"date":"2021-12-24T18:38:12","date_gmt":"2021-12-24T17:38:12","guid":{"rendered":"http:\/\/wsrodnas.pl\/?p=1055"},"modified":"2022-02-20T17:32:56","modified_gmt":"2022-02-20T16:32:56","slug":"szlakiem-jana-pawla-ii","status":"publish","type":"post","link":"https:\/\/wsrodnas.pl\/?p=1055","title":{"rendered":"Szlakiem Jana Paw\u0142a II"},"content":{"rendered":"\n<p>Mi\u0119dzy 7 a 13 pa\u017adziernika 2021 roku odby\u0142 si\u0119 w naszej szkole Tydzie\u0144 Papieski. Has\u0142em przewodnim by\u0142y s\u0142owa \u015bw. Jana Paw\u0142a II \u2013 \u201eNIE L\u0118KAJCIE SI\u0118!\u201d.<\/p>\n\n\n\n<p>Celem inicjatywy by\u0142o przypomnienie postaci niezwyk\u0142ego cz\u0142owieka \u2013 &nbsp;syna polskiej ziemi, papie\u017ca m\u0142odych, budowniczego cywilizacji mi\u0142o\u015bci i&nbsp;pokoju; wdra\u017canie zasad nauczania Jana Paw\u0142a II w&nbsp;codzienne \u017cycie; rozpowszechnianie bogactwa my\u015bli i czynu papie\u017ca Jana Paw\u0142a II w\u015br\u00f3d dzieci i m\u0142odzie\u017cy na ka\u017cdym etapie edukacyjnym.<\/p>\n\n\n\n<p>Na zaj\u0119ciach religii&nbsp; i innych przedmiotach uczniowie pog\u0142\u0119biali swoje&nbsp; wiadomo\u015bci na temat \u017cycia i nauczania Jana Paw\u0142a II. Nauczyciele otrzymali linki z materia\u0142ami edukacyjnymi, z kt\u00f3rych korzystali na lekcjach. Obejrzeli prezentacj\u0119 i filmy zwi\u0105zane z \u017cyciem \u015bwi\u0119tego Polaka. Du\u017c\u0105 popularno\u015bci\u0105 cieszy\u0142y si\u0119 pie\u015bni, np. \u201eBarka\u201d, kt\u00f3re wsp\u00f3lnie \u015bpiewano, czytano anegdoty i ciekawostki o Janie Pawle II.<\/p>\n\n\n\n<p>Kolejnym etapem tygodnia papieskiego by\u0142a analiza s\u0142\u00f3w, kt\u00f3re \u015bw. Jan Pawe\u0142 II wypowiedzia\u0142 podczas inauguracji pontyfikatu \u2013 \u201eNie l\u0119kajcie si\u0119!\u201d Papie\u017c powiedzia\u0142, \u017ce do przezwyci\u0119\u017cenia niepokoju i strachu jest zawierzenie Chrystusowi i uczestnictwo w Jego pos\u0142annictwie.<\/p>\n\n\n\n<p>W Tygodniu Papieskim obchodzili\u015bmy&nbsp;<strong>\u015aWI\u0118TO SZKO\u0141Y<\/strong>. 11 pa\u017adziernika uczcili\u015bmy 11 rocznic\u0119 nadania naszemu Zespo\u0142owi Szk\u00f3\u0142 imienia Jana Paw\u0142a II&nbsp; i posiadania sztandaru. Ca\u0142a spo\u0142eczno\u015b\u0107 naszej szko\u0142y uda\u0142a si\u0119 autokarem do Pokamedulskiego Klasztoru na Wigrach. Miejsca, kt\u00f3re nawiedzi\u0142 nasz patron. Tam odby\u0142a si\u0119 uroczysta Msza \u015awi\u0119ta, kt\u00f3rej przewodniczy\u0142 Ks kan. dr Jacek Nogowski. Zwiedzali\u015bmy kompleks Pokamedulski&nbsp;&nbsp;&nbsp;&nbsp;&nbsp;&nbsp;&nbsp;&nbsp;&nbsp;&nbsp;&nbsp; &nbsp;i apartamenty papieskie. Ze wzg\u00f3rza wigierskiego podziwiali\u015bmy pi\u0119kne, jesienne krajobrazy. Nasza uroczysto\u015b\u0107 zako\u0144czy\u0142a si\u0119 wsp\u00f3ln\u0105 agap\u0105 przy ognisku. Serdecznie dzi\u0119kujemy Panu Dyrektorowi Romanowi Krzy\u017copolskiemu, Radzie Rodzic\u00f3w oraz Stowarzyszeniu Przyjaci\u00f3\u0142 Zespo\u0142u Szk\u00f3l Specjalnych \u201eW\u015br\u00f3d Nas\u201d, za to \u017ce przyczynili si\u0119 do tego, aby \u015awi\u0119to naszego patrona by\u0142o wielkim wydarzeniem i prze\u017cyciem dla &nbsp;ca\u0142ej spo\u0142eczno\u015bci szkolnej.<\/p>\n\n\n\n<p class=\"has-text-align-center\">Ostatniego dnia odby\u0142o si\u0119 rozstrzygniecie konkursu na naj\u0142adniejsz\u0105 gazetk\u0119 \u015bcienn\u0105, dotycz\u0105c\u0105 postaci Jana Paw\u0142a II. Wszystkie gazetki by\u0142y bardzo ciekawe, zawiera\u0142y mn\u00f3stwo wa\u017cnych informacji, papieskie barwy, czyli \u017c\u00f3\u0142\u0107 i biel, za kt\u00f3re uczniowie otrzymali atrakcyjne nagrody ksi\u0105\u017ckowe i rzeczowe.<\/p>\n\n\n\n<figure class=\"wp-block-image\"><img decoding=\"async\" src=\"http:\/\/zssaugustow.pl\/wp-content\/uploads\/2021\/10\/B377A9A6-B7E5-4AAF-ACA2-3ADEF1C408FD.jpeg\" alt=\"\"\/><\/figure>\n\n\n\n<figure class=\"wp-block-image\"><img decoding=\"async\" src=\"http:\/\/zssaugustow.pl\/wp-content\/uploads\/2021\/10\/8B03530E-CF34-4381-BF2A-BDDCBE97762D.jpeg\" alt=\"\"\/><\/figure>\n\n\n\n<p><\/p>\n","protected":false},"excerpt":{"rendered":"<p>Mi\u0119dzy 7 a 13 pa\u017adziernika 2021 roku odby\u0142 si\u0119 w naszej szkole Tydzie\u0144 Papieski. Has\u0142em przewodnim by\u0142y s\u0142owa \u015bw. Jana Paw\u0142a II \u2013 \u201eNIE L\u0118KAJCIE SI\u0118!\u201d. Celem inicjatywy by\u0142o przypomnienie postaci niezwyk\u0142ego cz\u0142owieka \u2013 &nbsp;syna polskiej ziemi, papie\u017ca m\u0142odych, budowniczego cywilizacji mi\u0142o\u015bci i&nbsp;pokoju; wdra\u017canie zasad nauczania Jana Paw\u0142a II w&nbsp;codzienne \u017cycie; rozpowszechnianie bogactwa my\u015bli i [&hellip;]<\/p>\n","protected":false},"author":2,"featured_media":0,"comment_status":"closed","ping_status":"open","sticky":false,"template":"","format":"standard","meta":{"footnotes":""},"categories":[11,1,4],"tags":[],"_links":{"self":[{"href":"https:\/\/wsrodnas.pl\/index.php?rest_route=\/wp\/v2\/posts\/1055"}],"collection":[{"href":"https:\/\/wsrodnas.pl\/index.php?rest_route=\/wp\/v2\/posts"}],"about":[{"href":"https:\/\/wsrodnas.pl\/index.php?rest_route=\/wp\/v2\/types\/post"}],"author":[{"embeddable":true,"href":"https:\/\/wsrodnas.pl\/index.php?rest_route=\/wp\/v2\/users\/2"}],"replies":[{"embeddable":true,"href":"https:\/\/wsrodnas.pl\/index.php?rest_route=%2Fwp%2Fv2%2Fcomments&post=1055"}],"version-history":[{"count":3,"href":"https:\/\/wsrodnas.pl\/index.php?rest_route=\/wp\/v2\/posts\/1055\/revisions"}],"predecessor-version":[{"id":1069,"href":"https:\/\/wsrodnas.pl\/index.php?rest_route=\/wp\/v2\/posts\/1055\/revisions\/1069"}],"wp:attachment":[{"href":"https:\/\/wsrodnas.pl\/index.php?rest_route=%2Fwp%2Fv2%2Fmedia&parent=1055"}],"wp:term":[{"taxonomy":"category","embeddable":true,"href":"https:\/\/wsrodnas.pl\/index.php?rest_route=%2Fwp%2Fv2%2Fcategories&post=1055"},{"taxonomy":"post_tag","embeddable":true,"href":"https:\/\/wsrodnas.pl\/index.php?rest_route=%2Fwp%2Fv2%2Ftags&post=1055"}],"curies":[{"name":"wp","href":"https:\/\/api.w.org\/{rel}","templated":true}]}}